{"id":3642,"date":"2026-07-11T02:49:45","date_gmt":"2026-07-11T02:49:45","guid":{"rendered":"https:\/\/cnnbra.com.br\/al\/blog\/2026\/07\/11\/sao-paulo-busca-reforcos-na-zaga-alem-de-arboleda\/"},"modified":"2026-07-11T02:49:45","modified_gmt":"2026-07-11T02:49:45","slug":"sao-paulo-busca-reforcos-na-zaga-alem-de-arboleda","status":"publish","type":"post","link":"https:\/\/cnnbra.com.br\/al\/blog\/2026\/07\/11\/sao-paulo-busca-reforcos-na-zaga-alem-de-arboleda\/","title":{"rendered":"S\u00e3o Paulo busca refor\u00e7os na zaga al\u00e9m de Arboleda"},"content":{"rendered":"<p>Embora tenha reintegrado o zagueiro Arboleda, o S\u00e3o Paulo continua sua busca por novos refor\u00e7os para o setor defensivo. A estrat\u00e9gia da equipe paulista visa fortalecer a zaga ap\u00f3s um in\u00edcio de temporada conturbado.<\/p>\n<p>\\n<\/p>\n<p>A movimenta\u00e7\u00e3o no mercado de transfer\u00eancias \u00e9 intensa e, mesmo com desfalques, o Tricolor est\u00e1 determinado a encontrar um novo nome que possa agregar qualidade ao elenco. Essa decis\u00e3o reflete a urg\u00eancia em melhorar a defesa, essencial para as competi\u00e7\u00f5es que se aproximam.<\/p>\n<p>\\n<\/p>\n<p>Para torcedores e amantes do futebol alagoano, \u00e9 interessante acompanhar como esse imbr\u00f3glio pode impactar o cen\u00e1rio nacional, especialmente em um contexto onde a qualidade da zaga pode ser determinante nas competi\u00e7\u00f5es de ponta.<\/p>\n","protected":false},"excerpt":{"rendered":"<p>Embora tenha reintegrado o zagueiro Arboleda, o S\u00e3o Paulo continua sua busca por novos refor\u00e7os para o setor defensivo. A estrat\u00e9gia da equipe paulista visa fortalecer a zaga ap\u00f3s um in\u00edcio de temporada conturbado. \\n A movimenta\u00e7\u00e3o no mercado de transfer\u00eancias \u00e9 intensa e, mesmo com desfalques, o Tricolor est\u00e1 determinado a encontrar um novo [&hellip;]<\/p>\n","protected":false},"author":1,"featured_media":3641,"comment_status":"open","ping_status":"open","sticky":false,"template":"","format":"standard","meta":{"fifu_image_url":"","fifu_image_alt":"","footnotes":""},"categories":[11],"tags":[],"class_list":["post-3642","post","type-post","status-publish","format-standard","has-post-thumbnail","hentry","category-alagoas"],"_links":{"self":[{"href":"https:\/\/cnnbra.com.br\/al\/wp-json\/wp\/v2\/posts\/3642","targetHints":{"allow":["GET"]}}],"collection":[{"href":"https:\/\/cnnbra.com.br\/al\/wp-json\/wp\/v2\/posts"}],"about":[{"href":"https:\/\/cnnbra.com.br\/al\/wp-json\/wp\/v2\/types\/post"}],"author":[{"embeddable":true,"href":"https:\/\/cnnbra.com.br\/al\/wp-json\/wp\/v2\/users\/1"}],"replies":[{"embeddable":true,"href":"https:\/\/cnnbra.com.br\/al\/wp-json\/wp\/v2\/comments?post=3642"}],"version-history":[{"count":0,"href":"https:\/\/cnnbra.com.br\/al\/wp-json\/wp\/v2\/posts\/3642\/revisions"}],"wp:featuredmedia":[{"embeddable":true,"href":"https:\/\/cnnbra.com.br\/al\/wp-json\/wp\/v2\/media\/3641"}],"wp:attachment":[{"href":"https:\/\/cnnbra.com.br\/al\/wp-json\/wp\/v2\/media?parent=3642"}],"wp:term":[{"taxonomy":"category","embeddable":true,"href":"https:\/\/cnnbra.com.br\/al\/wp-json\/wp\/v2\/categories?post=3642"},{"taxonomy":"post_tag","embeddable":true,"href":"https:\/\/cnnbra.com.br\/al\/wp-json\/wp\/v2\/tags?post=3642"}],"curies":[{"name":"wp","href":"https:\/\/api.w.org\/{rel}","templated":true}]}}