{"id":3638,"date":"2026-07-11T02:49:15","date_gmt":"2026-07-11T02:49:15","guid":{"rendered":"https:\/\/cnnbra.com.br\/al\/blog\/2026\/07\/11\/flavio-bolsonaro-critica-lula-e-defende-endurecimento-das-penas\/"},"modified":"2026-07-11T02:49:15","modified_gmt":"2026-07-11T02:49:15","slug":"flavio-bolsonaro-critica-lula-e-defende-endurecimento-das-penas","status":"publish","type":"post","link":"https:\/\/cnnbra.com.br\/al\/blog\/2026\/07\/11\/flavio-bolsonaro-critica-lula-e-defende-endurecimento-das-penas\/","title":{"rendered":"Fl\u00e1vio Bolsonaro critica Lula e defende endurecimento das penas"},"content":{"rendered":"<p>O senador Fl\u00e1vio Bolsonaro (PL-RJ), pr\u00e9-candidato \u00e0 Presid\u00eancia, levantou pol\u00eamica ao sugerir que criminosos poderiam preferir votar em Luiz In\u00e1cio Lula da Silva (PT) ao inv\u00e9s de Jair Bolsonaro (PL). A declara\u00e7\u00e3o foi feita durante o lan\u00e7amento da pr\u00e9-candidatura de Alcides Fernandes ao Senado, em Fortaleza, e gerou debate sobre o alinhamento pol\u00edtico de eleitores.<\/p>\n<p>\\n<\/p>\n<p>Fl\u00e1vio argumentou que a postura de Lula em rela\u00e7\u00e3o ao crime organizado \u00e9 branda e prop\u00f4s a cria\u00e7\u00e3o de mais de 500 mil vagas nas penitenci\u00e1rias para endurecer as penas. Para ele, com medidas mais rigorosas, o medo deve ser do bandido, e n\u00e3o da popula\u00e7\u00e3o.<\/p>\n<p>\\n<\/p>\n<p>Al\u00e9m disso, o senador se manifestou sobre crimes sexuais, defendendo penas ainda mais severas, incluindo castra\u00e7\u00e3o qu\u00edmica para agressores de mulheres e crian\u00e7as. As declara\u00e7\u00f5es de Fl\u00e1vio evidenciam a estrat\u00e9gia do PL de atrair eleitores dispostos a apoiar medidas de seguran\u00e7a mais rigorosas.<\/p>\n","protected":false},"excerpt":{"rendered":"<p>O senador Fl\u00e1vio Bolsonaro (PL-RJ), pr\u00e9-candidato \u00e0 Presid\u00eancia, levantou pol\u00eamica ao sugerir que criminosos poderiam preferir votar em Luiz In\u00e1cio Lula da Silva (PT) ao inv\u00e9s de Jair Bolsonaro (PL). A declara\u00e7\u00e3o foi feita durante o lan\u00e7amento da pr\u00e9-candidatura de Alcides Fernandes ao Senado, em Fortaleza, e gerou debate sobre o alinhamento pol\u00edtico de eleitores. [&hellip;]<\/p>\n","protected":false},"author":1,"featured_media":3637,"comment_status":"open","ping_status":"open","sticky":false,"template":"","format":"standard","meta":{"fifu_image_url":"","fifu_image_alt":"","footnotes":""},"categories":[11],"tags":[],"class_list":["post-3638","post","type-post","status-publish","format-standard","has-post-thumbnail","hentry","category-alagoas"],"_links":{"self":[{"href":"https:\/\/cnnbra.com.br\/al\/wp-json\/wp\/v2\/posts\/3638","targetHints":{"allow":["GET"]}}],"collection":[{"href":"https:\/\/cnnbra.com.br\/al\/wp-json\/wp\/v2\/posts"}],"about":[{"href":"https:\/\/cnnbra.com.br\/al\/wp-json\/wp\/v2\/types\/post"}],"author":[{"embeddable":true,"href":"https:\/\/cnnbra.com.br\/al\/wp-json\/wp\/v2\/users\/1"}],"replies":[{"embeddable":true,"href":"https:\/\/cnnbra.com.br\/al\/wp-json\/wp\/v2\/comments?post=3638"}],"version-history":[{"count":0,"href":"https:\/\/cnnbra.com.br\/al\/wp-json\/wp\/v2\/posts\/3638\/revisions"}],"wp:featuredmedia":[{"embeddable":true,"href":"https:\/\/cnnbra.com.br\/al\/wp-json\/wp\/v2\/media\/3637"}],"wp:attachment":[{"href":"https:\/\/cnnbra.com.br\/al\/wp-json\/wp\/v2\/media?parent=3638"}],"wp:term":[{"taxonomy":"category","embeddable":true,"href":"https:\/\/cnnbra.com.br\/al\/wp-json\/wp\/v2\/categories?post=3638"},{"taxonomy":"post_tag","embeddable":true,"href":"https:\/\/cnnbra.com.br\/al\/wp-json\/wp\/v2\/tags?post=3638"}],"curies":[{"name":"wp","href":"https:\/\/api.w.org\/{rel}","templated":true}]}}