{"id":3632,"date":"2026-07-10T23:49:55","date_gmt":"2026-07-10T23:49:55","guid":{"rendered":"https:\/\/cnnbra.com.br\/al\/blog\/2026\/07\/10\/yamal-espanha-pode-desafiar-a-franca-na-semifinal-da-copa\/"},"modified":"2026-07-10T23:49:55","modified_gmt":"2026-07-10T23:49:55","slug":"yamal-espanha-pode-desafiar-a-franca-na-semifinal-da-copa","status":"publish","type":"post","link":"https:\/\/cnnbra.com.br\/al\/blog\/2026\/07\/10\/yamal-espanha-pode-desafiar-a-franca-na-semifinal-da-copa\/","title":{"rendered":"Yamal: Espanha pode desafiar a Fran\u00e7a na semifinal da Copa"},"content":{"rendered":"<p>A tens\u00e3o aumenta para a semifinal da Copa do Mundo entre Espanha e Fran\u00e7a, marcada para ter\u00e7a-feira no Texas. O jovem atacante Lamine Yamal, destaque da sele\u00e7\u00e3o espanhola, acredita que a equipe espanhola deve ser a que imp\u00f5e medo aos advers\u00e1rios, e n\u00e3o o contr\u00e1rio. Em uma declara\u00e7\u00e3o de confian\u00e7a ap\u00f3s a vit\u00f3ria sobre a B\u00e9lgica, ele afirmou: &#8220;Se a Fran\u00e7a deve temer algu\u00e9m, somos n\u00f3s&#8221;.<\/p>\n<p>\\n<\/p>\n<p>Este ser\u00e1 o terceiro encontro entre as sele\u00e7\u00f5es nos \u00faltimos tr\u00eas anos, com a Espanha ocupando o favoritismo nas estat\u00edsticas. As vit\u00f3rias de La Roja em semifinais da Eurocopa e da Liga das Na\u00e7\u00f5es refor\u00e7am a confian\u00e7a dos espanh\u00f3is. Yamal e sua equipe est\u00e3o cientes da for\u00e7a do advers\u00e1rio, mas est\u00e3o determinados a mostrar seu potencial.<\/p>\n<p>\\n<\/p>\n<p>A campanha da Espanha teve altos e baixos, come\u00e7ando com um empate sem gols, mas ganhando for\u00e7a nas fases eliminat\u00f3rias. O t\u00e9cnico Luis de la Fuente demonstra otimismo em rela\u00e7\u00e3o ao desempenho da equipe e \u00e0 capacidade de vencer os franceses, que buscam uma terceira final consecutiva. A expectativa \u00e9 alta e a press\u00e3o sobre os jogadores espanh\u00f3is certamente ir\u00e1 aumentar, mas o clima \u00e9 de confian\u00e7a.<\/p>\n","protected":false},"excerpt":{"rendered":"<p>A tens\u00e3o aumenta para a semifinal da Copa do Mundo entre Espanha e Fran\u00e7a, marcada para ter\u00e7a-feira no Texas. O jovem atacante Lamine Yamal, destaque da sele\u00e7\u00e3o espanhola, acredita que a equipe espanhola deve ser a que imp\u00f5e medo aos advers\u00e1rios, e n\u00e3o o contr\u00e1rio. Em uma declara\u00e7\u00e3o de confian\u00e7a ap\u00f3s a vit\u00f3ria sobre a [&hellip;]<\/p>\n","protected":false},"author":1,"featured_media":3631,"comment_status":"open","ping_status":"open","sticky":false,"template":"","format":"standard","meta":{"fifu_image_url":"","fifu_image_alt":"","footnotes":""},"categories":[11],"tags":[],"class_list":["post-3632","post","type-post","status-publish","format-standard","has-post-thumbnail","hentry","category-alagoas"],"_links":{"self":[{"href":"https:\/\/cnnbra.com.br\/al\/wp-json\/wp\/v2\/posts\/3632","targetHints":{"allow":["GET"]}}],"collection":[{"href":"https:\/\/cnnbra.com.br\/al\/wp-json\/wp\/v2\/posts"}],"about":[{"href":"https:\/\/cnnbra.com.br\/al\/wp-json\/wp\/v2\/types\/post"}],"author":[{"embeddable":true,"href":"https:\/\/cnnbra.com.br\/al\/wp-json\/wp\/v2\/users\/1"}],"replies":[{"embeddable":true,"href":"https:\/\/cnnbra.com.br\/al\/wp-json\/wp\/v2\/comments?post=3632"}],"version-history":[{"count":0,"href":"https:\/\/cnnbra.com.br\/al\/wp-json\/wp\/v2\/posts\/3632\/revisions"}],"wp:featuredmedia":[{"embeddable":true,"href":"https:\/\/cnnbra.com.br\/al\/wp-json\/wp\/v2\/media\/3631"}],"wp:attachment":[{"href":"https:\/\/cnnbra.com.br\/al\/wp-json\/wp\/v2\/media?parent=3632"}],"wp:term":[{"taxonomy":"category","embeddable":true,"href":"https:\/\/cnnbra.com.br\/al\/wp-json\/wp\/v2\/categories?post=3632"},{"taxonomy":"post_tag","embeddable":true,"href":"https:\/\/cnnbra.com.br\/al\/wp-json\/wp\/v2\/tags?post=3632"}],"curies":[{"name":"wp","href":"https:\/\/api.w.org\/{rel}","templated":true}]}}