{"id":3626,"date":"2026-07-10T22:30:26","date_gmt":"2026-07-10T22:30:26","guid":{"rendered":"https:\/\/cnnbra.com.br\/al\/blog\/2026\/07\/10\/briga-entre-fas-marca-show-de-ariana-grande-em-maceio\/"},"modified":"2026-07-10T22:30:26","modified_gmt":"2026-07-10T22:30:26","slug":"briga-entre-fas-marca-show-de-ariana-grande-em-maceio","status":"publish","type":"post","link":"https:\/\/cnnbra.com.br\/al\/blog\/2026\/07\/10\/briga-entre-fas-marca-show-de-ariana-grande-em-maceio\/","title":{"rendered":"Briga entre f\u00e3s marca show de Ariana Grande em Macei\u00f3"},"content":{"rendered":"<p>Um incidente inesperado ocorreu durante o show de Ariana Grande, realizado recentemente em Macei\u00f3. F\u00e3s se envolveram em uma briga que chamou a aten\u00e7\u00e3o de todos, protagonizando um pux\u00e3o de cabelo entre algumas delas.<\/p>\n<p>\\n<\/p>\n<p>O clima, que deveria ser de festa e celebra\u00e7\u00e3o da m\u00fasica, se transformou em confus\u00e3o. Testemunhas afirmaram que a situa\u00e7\u00e3o tomou propor\u00e7\u00f5es inesperadas, fazendo com que a seguran\u00e7a do evento precisasse intervir rapidamente.<\/p>\n<p>\\n<\/p>\n<p>Al\u00e9m de manchar a imagem do evento, a briga gerou coment\u00e1rios nas redes sociais, com muitos usu\u00e1rios expressando preocupa\u00e7\u00e3o sobre como situa\u00e7\u00f5es de desentendimento podem afetar o p\u00fablico em locais de grande aglomera\u00e7\u00e3o.<\/p>\n","protected":false},"excerpt":{"rendered":"<p>Um incidente inesperado ocorreu durante o show de Ariana Grande, realizado recentemente em Macei\u00f3. F\u00e3s se envolveram em uma briga que chamou a aten\u00e7\u00e3o de todos, protagonizando um pux\u00e3o de cabelo entre algumas delas. \\n O clima, que deveria ser de festa e celebra\u00e7\u00e3o da m\u00fasica, se transformou em confus\u00e3o. Testemunhas afirmaram que a situa\u00e7\u00e3o [&hellip;]<\/p>\n","protected":false},"author":1,"featured_media":3625,"comment_status":"open","ping_status":"open","sticky":false,"template":"","format":"standard","meta":{"fifu_image_url":"","fifu_image_alt":"","footnotes":""},"categories":[11],"tags":[],"class_list":["post-3626","post","type-post","status-publish","format-standard","has-post-thumbnail","hentry","category-alagoas"],"_links":{"self":[{"href":"https:\/\/cnnbra.com.br\/al\/wp-json\/wp\/v2\/posts\/3626","targetHints":{"allow":["GET"]}}],"collection":[{"href":"https:\/\/cnnbra.com.br\/al\/wp-json\/wp\/v2\/posts"}],"about":[{"href":"https:\/\/cnnbra.com.br\/al\/wp-json\/wp\/v2\/types\/post"}],"author":[{"embeddable":true,"href":"https:\/\/cnnbra.com.br\/al\/wp-json\/wp\/v2\/users\/1"}],"replies":[{"embeddable":true,"href":"https:\/\/cnnbra.com.br\/al\/wp-json\/wp\/v2\/comments?post=3626"}],"version-history":[{"count":0,"href":"https:\/\/cnnbra.com.br\/al\/wp-json\/wp\/v2\/posts\/3626\/revisions"}],"wp:featuredmedia":[{"embeddable":true,"href":"https:\/\/cnnbra.com.br\/al\/wp-json\/wp\/v2\/media\/3625"}],"wp:attachment":[{"href":"https:\/\/cnnbra.com.br\/al\/wp-json\/wp\/v2\/media?parent=3626"}],"wp:term":[{"taxonomy":"category","embeddable":true,"href":"https:\/\/cnnbra.com.br\/al\/wp-json\/wp\/v2\/categories?post=3626"},{"taxonomy":"post_tag","embeddable":true,"href":"https:\/\/cnnbra.com.br\/al\/wp-json\/wp\/v2\/tags?post=3626"}],"curies":[{"name":"wp","href":"https:\/\/api.w.org\/{rel}","templated":true}]}}