{"id":3620,"date":"2026-07-10T22:29:32","date_gmt":"2026-07-10T22:29:32","guid":{"rendered":"https:\/\/cnnbra.com.br\/al\/blog\/2026\/07\/10\/dataprev-abre-inscricoes-para-concurso-com-212-vagas-disponiveis\/"},"modified":"2026-07-10T22:29:32","modified_gmt":"2026-07-10T22:29:32","slug":"dataprev-abre-inscricoes-para-concurso-com-212-vagas-disponiveis","status":"publish","type":"post","link":"https:\/\/cnnbra.com.br\/al\/blog\/2026\/07\/10\/dataprev-abre-inscricoes-para-concurso-com-212-vagas-disponiveis\/","title":{"rendered":"Dataprev abre inscri\u00e7\u00f5es para concurso com 212 vagas dispon\u00edveis"},"content":{"rendered":"<p>A Empresa de Tecnologia e Informa\u00e7\u00f5es da Previd\u00eancia (Dataprev) anunciou a abertura de inscri\u00e7\u00f5es para seu concurso p\u00fablico, que visa o preenchimento de 212 vagas e a forma\u00e7\u00e3o de um cadastro de reserva. Os interessados t\u00eam at\u00e9 o dia 6 de agosto para realizar a inscri\u00e7\u00e3o no site da FGV Conhecimento, mediante uma taxa de R$ 110.<\/p>\n<p>\\n<\/p>\n<p>As oportunidades s\u00e3o para diversas \u00e1reas, incluindo An\u00e1lise de Neg\u00f3cio de TI, Engenharia e Sustenta\u00e7\u00e3o Tecnol\u00f3gica, Desenvolvimento de Software, Seguran\u00e7a Cibern\u00e9tica e Advocacia. A remunera\u00e7\u00e3o inicial varia de R$ 8.273,94 a R$ 10.685,44, dependendo da fun\u00e7\u00e3o, e a carga hor\u00e1ria \u00e9 de 30 a 40 horas semanais.<\/p>\n<p>\\n<\/p>\n<p>A aplica\u00e7\u00e3o das provas ser\u00e1 realizada em 11 de outubro, com quest\u00f5es de conhecimentos gerais e espec\u00edficos. Os locais de prova incluem cidades como Bras\u00edlia, Fortaleza e Jo\u00e3o Pessoa, mas os alagoanos de Macei\u00f3 e regi\u00f5es do interior devem se programar para a viagem, caso escolham tais cidades para realizar a avalia\u00e7\u00e3o.<\/p>\n","protected":false},"excerpt":{"rendered":"<p>A Empresa de Tecnologia e Informa\u00e7\u00f5es da Previd\u00eancia (Dataprev) anunciou a abertura de inscri\u00e7\u00f5es para seu concurso p\u00fablico, que visa o preenchimento de 212 vagas e a forma\u00e7\u00e3o de um cadastro de reserva. Os interessados t\u00eam at\u00e9 o dia 6 de agosto para realizar a inscri\u00e7\u00e3o no site da FGV Conhecimento, mediante uma taxa de [&hellip;]<\/p>\n","protected":false},"author":1,"featured_media":3619,"comment_status":"open","ping_status":"open","sticky":false,"template":"","format":"standard","meta":{"fifu_image_url":"","fifu_image_alt":"","footnotes":""},"categories":[11],"tags":[],"class_list":["post-3620","post","type-post","status-publish","format-standard","has-post-thumbnail","hentry","category-alagoas"],"_links":{"self":[{"href":"https:\/\/cnnbra.com.br\/al\/wp-json\/wp\/v2\/posts\/3620","targetHints":{"allow":["GET"]}}],"collection":[{"href":"https:\/\/cnnbra.com.br\/al\/wp-json\/wp\/v2\/posts"}],"about":[{"href":"https:\/\/cnnbra.com.br\/al\/wp-json\/wp\/v2\/types\/post"}],"author":[{"embeddable":true,"href":"https:\/\/cnnbra.com.br\/al\/wp-json\/wp\/v2\/users\/1"}],"replies":[{"embeddable":true,"href":"https:\/\/cnnbra.com.br\/al\/wp-json\/wp\/v2\/comments?post=3620"}],"version-history":[{"count":0,"href":"https:\/\/cnnbra.com.br\/al\/wp-json\/wp\/v2\/posts\/3620\/revisions"}],"wp:featuredmedia":[{"embeddable":true,"href":"https:\/\/cnnbra.com.br\/al\/wp-json\/wp\/v2\/media\/3619"}],"wp:attachment":[{"href":"https:\/\/cnnbra.com.br\/al\/wp-json\/wp\/v2\/media?parent=3620"}],"wp:term":[{"taxonomy":"category","embeddable":true,"href":"https:\/\/cnnbra.com.br\/al\/wp-json\/wp\/v2\/categories?post=3620"},{"taxonomy":"post_tag","embeddable":true,"href":"https:\/\/cnnbra.com.br\/al\/wp-json\/wp\/v2\/tags?post=3620"}],"curies":[{"name":"wp","href":"https:\/\/api.w.org\/{rel}","templated":true}]}}