{"id":3608,"date":"2026-07-10T17:10:17","date_gmt":"2026-07-10T17:10:17","guid":{"rendered":"https:\/\/cnnbra.com.br\/al\/blog\/2026\/07\/10\/maceio-abre-vagas-para-o-digitaliza-a-microempreendedores-locais\/"},"modified":"2026-07-10T17:10:17","modified_gmt":"2026-07-10T17:10:17","slug":"maceio-abre-vagas-para-o-digitaliza-a-microempreendedores-locais","status":"publish","type":"post","link":"https:\/\/cnnbra.com.br\/al\/blog\/2026\/07\/10\/maceio-abre-vagas-para-o-digitaliza-a-microempreendedores-locais\/","title":{"rendered":"Macei\u00f3 abre vagas para o Digitaliza a microempreendedores locais"},"content":{"rendered":"<p>A Prefeitura de Macei\u00f3 lan\u00e7ou nesta quinta-feira (9) as inscri\u00e7\u00f5es para a segunda edi\u00e7\u00e3o do programa Digitaliza, voltado para capacita\u00e7\u00e3o digital de microempreendedores. O foco dessa etapa \u00e9 atender profissionais liberais e trabalhadores da economia solid\u00e1ria, oferecendo ferramentas que fortale\u00e7am seus neg\u00f3cios por meio da tecnologia.<\/p>\n<p>\\n<\/p>\n<p>As inscri\u00e7\u00f5es est\u00e3o abertas at\u00e9 o dia 31 de julho e n\u00e3o exigem CNPJ. Para participar, basta realizar a inscri\u00e7\u00e3o e atender aos requisitos b\u00e1sicos, com um limite total de 60 vagas. O programa \u00e9 promovido pela Secretaria Municipal de Estrat\u00e9gias Disruptivas e Economia Digital (Sedigi) e pela Secretaria Municipal de Trabalho, Emprego e Economia Solid\u00e1ria (Semtes).<\/p>\n<p>\\n<\/p>\n<p>A forma\u00e7\u00e3o incluir\u00e1 mentorias presenciais que v\u00e3o abordar desde o diagn\u00f3stico da marca at\u00e9 intelig\u00eancia artificial e marketing digital. As aulas acontecer\u00e3o de 3 a 13 de agosto no Senai Po\u00e7o, proporcionando aos participantes um espa\u00e7o para crescer e se adaptar aos novos desafios do mercado.<\/p>\n<p>\\n<\/p>\n<h2>Impacto na economia local<\/h2>\n<p>\\n<\/p>\n<p>Os secret\u00e1rios Sergio Cavalcante e Jarbas Barros destacam a import\u00e2ncia da iniciativa para ampliar a presen\u00e7a digital dos pequenos neg\u00f3cios e, consequentemente, estimular a gera\u00e7\u00e3o de renda em Macei\u00f3. Acreditam que a capacita\u00e7\u00e3o \u00e9 vital para fortalecer a autonomia dos trabalhadores locais e estimular o desenvolvimento econ\u00f4mico da cidade.<\/p>\n<p>\\n<\/p>\n<p>D\u00favidas sobre o programa podem ser enviadas para o e-mail assessoria.tecnica@sedigi.maceio.al.gov.br.<\/p>\n","protected":false},"excerpt":{"rendered":"<p>A Prefeitura de Macei\u00f3 lan\u00e7ou nesta quinta-feira (9) as inscri\u00e7\u00f5es para a segunda edi\u00e7\u00e3o do programa Digitaliza, voltado para capacita\u00e7\u00e3o digital de microempreendedores. O foco dessa etapa \u00e9 atender profissionais liberais e trabalhadores da economia solid\u00e1ria, oferecendo ferramentas que fortale\u00e7am seus neg\u00f3cios por meio da tecnologia. \\n As inscri\u00e7\u00f5es est\u00e3o abertas at\u00e9 o dia 31 [&hellip;]<\/p>\n","protected":false},"author":1,"featured_media":3607,"comment_status":"open","ping_status":"open","sticky":false,"template":"","format":"standard","meta":{"fifu_image_url":"","fifu_image_alt":"","footnotes":""},"categories":[11],"tags":[],"class_list":["post-3608","post","type-post","status-publish","format-standard","has-post-thumbnail","hentry","category-alagoas"],"_links":{"self":[{"href":"https:\/\/cnnbra.com.br\/al\/wp-json\/wp\/v2\/posts\/3608","targetHints":{"allow":["GET"]}}],"collection":[{"href":"https:\/\/cnnbra.com.br\/al\/wp-json\/wp\/v2\/posts"}],"about":[{"href":"https:\/\/cnnbra.com.br\/al\/wp-json\/wp\/v2\/types\/post"}],"author":[{"embeddable":true,"href":"https:\/\/cnnbra.com.br\/al\/wp-json\/wp\/v2\/users\/1"}],"replies":[{"embeddable":true,"href":"https:\/\/cnnbra.com.br\/al\/wp-json\/wp\/v2\/comments?post=3608"}],"version-history":[{"count":0,"href":"https:\/\/cnnbra.com.br\/al\/wp-json\/wp\/v2\/posts\/3608\/revisions"}],"wp:featuredmedia":[{"embeddable":true,"href":"https:\/\/cnnbra.com.br\/al\/wp-json\/wp\/v2\/media\/3607"}],"wp:attachment":[{"href":"https:\/\/cnnbra.com.br\/al\/wp-json\/wp\/v2\/media?parent=3608"}],"wp:term":[{"taxonomy":"category","embeddable":true,"href":"https:\/\/cnnbra.com.br\/al\/wp-json\/wp\/v2\/categories?post=3608"},{"taxonomy":"post_tag","embeddable":true,"href":"https:\/\/cnnbra.com.br\/al\/wp-json\/wp\/v2\/tags?post=3608"}],"curies":[{"name":"wp","href":"https:\/\/api.w.org\/{rel}","templated":true}]}}