{"id":3606,"date":"2026-07-10T17:09:59","date_gmt":"2026-07-10T17:09:59","guid":{"rendered":"https:\/\/cnnbra.com.br\/al\/blog\/2026\/07\/10\/homem-e-preso-apos-furtar-bolsa-de-idosa-em-gabinete-da-camara\/"},"modified":"2026-07-10T17:09:59","modified_gmt":"2026-07-10T17:09:59","slug":"homem-e-preso-apos-furtar-bolsa-de-idosa-em-gabinete-da-camara","status":"publish","type":"post","link":"https:\/\/cnnbra.com.br\/al\/blog\/2026\/07\/10\/homem-e-preso-apos-furtar-bolsa-de-idosa-em-gabinete-da-camara\/","title":{"rendered":"Homem \u00e9 preso ap\u00f3s furtar bolsa de idosa em gabinete da C\u00e2mara"},"content":{"rendered":"<p>A Guarda Civil Municipal de Macei\u00f3 (GCMM) prendeu, na noite da \u00faltima quinta-feira (9), um homem suspeito de roubar a bolsa de uma idosa em um gabinete vinculado \u00e0 C\u00e2mara Municipal.<\/p>\n<p>\\n<\/p>\n<p>O indiv\u00edduo foi encontrado pr\u00f3ximo \u00e0 loja Americanas, na Praia da Avenida, e detido em flagrante pelo Grupamento de Apoio e A\u00e7\u00e3o Operacional (GAAO), ap\u00f3s confessar o crime. O secret\u00e1rio de Seguran\u00e7a, Alex Pereira, informou que a abordagem ao suspeito foi facilitada pela atua\u00e7\u00e3o do Centro de Opera\u00e7\u00f5es Integradas (COI), que monitorou o homem at\u00e9 a chegada da equipe de seguran\u00e7a.<\/p>\n<p>\\n<\/p>\n<p>Durante a pris\u00e3o, o homem indicou onde havia descartado a bolsa e outros pertences da v\u00edtima, que foram recuperados. Ap\u00f3s os procedimentos legais, ele foi levado \u00e0 Central de Flagrantes para as devidas provid\u00eancias.<\/p>\n","protected":false},"excerpt":{"rendered":"<p>A Guarda Civil Municipal de Macei\u00f3 (GCMM) prendeu, na noite da \u00faltima quinta-feira (9), um homem suspeito de roubar a bolsa de uma idosa em um gabinete vinculado \u00e0 C\u00e2mara Municipal. \\n O indiv\u00edduo foi encontrado pr\u00f3ximo \u00e0 loja Americanas, na Praia da Avenida, e detido em flagrante pelo Grupamento de Apoio e A\u00e7\u00e3o Operacional [&hellip;]<\/p>\n","protected":false},"author":1,"featured_media":3605,"comment_status":"open","ping_status":"open","sticky":false,"template":"","format":"standard","meta":{"fifu_image_url":"","fifu_image_alt":"","footnotes":""},"categories":[11],"tags":[],"class_list":["post-3606","post","type-post","status-publish","format-standard","has-post-thumbnail","hentry","category-alagoas"],"_links":{"self":[{"href":"https:\/\/cnnbra.com.br\/al\/wp-json\/wp\/v2\/posts\/3606","targetHints":{"allow":["GET"]}}],"collection":[{"href":"https:\/\/cnnbra.com.br\/al\/wp-json\/wp\/v2\/posts"}],"about":[{"href":"https:\/\/cnnbra.com.br\/al\/wp-json\/wp\/v2\/types\/post"}],"author":[{"embeddable":true,"href":"https:\/\/cnnbra.com.br\/al\/wp-json\/wp\/v2\/users\/1"}],"replies":[{"embeddable":true,"href":"https:\/\/cnnbra.com.br\/al\/wp-json\/wp\/v2\/comments?post=3606"}],"version-history":[{"count":0,"href":"https:\/\/cnnbra.com.br\/al\/wp-json\/wp\/v2\/posts\/3606\/revisions"}],"wp:featuredmedia":[{"embeddable":true,"href":"https:\/\/cnnbra.com.br\/al\/wp-json\/wp\/v2\/media\/3605"}],"wp:attachment":[{"href":"https:\/\/cnnbra.com.br\/al\/wp-json\/wp\/v2\/media?parent=3606"}],"wp:term":[{"taxonomy":"category","embeddable":true,"href":"https:\/\/cnnbra.com.br\/al\/wp-json\/wp\/v2\/categories?post=3606"},{"taxonomy":"post_tag","embeddable":true,"href":"https:\/\/cnnbra.com.br\/al\/wp-json\/wp\/v2\/tags?post=3606"}],"curies":[{"name":"wp","href":"https:\/\/api.w.org\/{rel}","templated":true}]}}