{"id":3598,"date":"2026-07-10T16:09:55","date_gmt":"2026-07-10T16:09:55","guid":{"rendered":"https:\/\/cnnbra.com.br\/al\/blog\/2026\/07\/10\/stf-bloqueia-bens-de-valdemar-costa-neto-por-emendas-irregulares\/"},"modified":"2026-07-10T16:09:55","modified_gmt":"2026-07-10T16:09:55","slug":"stf-bloqueia-bens-de-valdemar-costa-neto-por-emendas-irregulares","status":"publish","type":"post","link":"https:\/\/cnnbra.com.br\/al\/blog\/2026\/07\/10\/stf-bloqueia-bens-de-valdemar-costa-neto-por-emendas-irregulares\/","title":{"rendered":"STF bloqueia bens de Valdemar Costa Neto por emendas irregulares"},"content":{"rendered":"<p>A decis\u00e3o do Supremo Tribunal Federal (STF) de bloquear os bens do pol\u00edtico Valdemar Costa Neto traz reflexos que v\u00e3o al\u00e9m da esfera nacional. Focando em Alagoas, a medida levanta questionamentos sobre a aplica\u00e7\u00e3o de emendas e a transpar\u00eancia na gest\u00e3o p\u00fablica em nosso estado.<\/p>\n<p>\\n<\/p>\n<p>Com o aumento da fiscaliza\u00e7\u00e3o e um olhar mais atento \u00e0s irregularidades, os cidad\u00e3os alagoanos devem exigir mais responsabilidade de seus representantes. O bloqueio dos bens \u00e9 um alerta sobre pr\u00e1ticas que podem comprometer recursos p\u00fablicos, fundamentais para investimentos em sa\u00fade, educa\u00e7\u00e3o e infraestrutura em Macei\u00f3 e no interior.<\/p>\n<p>\\n<\/p>\n<p>As emendas irregulares, que geraram essa medida, podem ter impacto direto na distribui\u00e7\u00e3o de verbas para munic\u00edpios alagoanos, criando um cen\u00e1rio que requer aten\u00e7\u00e3o. A sociedade civil, em especial, tem um papel essencial em monitorar como o dinheiro p\u00fablico est\u00e1 sendo utilizado.<\/p>\n","protected":false},"excerpt":{"rendered":"<p>A decis\u00e3o do Supremo Tribunal Federal (STF) de bloquear os bens do pol\u00edtico Valdemar Costa Neto traz reflexos que v\u00e3o al\u00e9m da esfera nacional. Focando em Alagoas, a medida levanta questionamentos sobre a aplica\u00e7\u00e3o de emendas e a transpar\u00eancia na gest\u00e3o p\u00fablica em nosso estado. \\n Com o aumento da fiscaliza\u00e7\u00e3o e um olhar mais [&hellip;]<\/p>\n","protected":false},"author":1,"featured_media":3597,"comment_status":"open","ping_status":"open","sticky":false,"template":"","format":"standard","meta":{"fifu_image_url":"","fifu_image_alt":"","footnotes":""},"categories":[11],"tags":[],"class_list":["post-3598","post","type-post","status-publish","format-standard","has-post-thumbnail","hentry","category-alagoas"],"_links":{"self":[{"href":"https:\/\/cnnbra.com.br\/al\/wp-json\/wp\/v2\/posts\/3598","targetHints":{"allow":["GET"]}}],"collection":[{"href":"https:\/\/cnnbra.com.br\/al\/wp-json\/wp\/v2\/posts"}],"about":[{"href":"https:\/\/cnnbra.com.br\/al\/wp-json\/wp\/v2\/types\/post"}],"author":[{"embeddable":true,"href":"https:\/\/cnnbra.com.br\/al\/wp-json\/wp\/v2\/users\/1"}],"replies":[{"embeddable":true,"href":"https:\/\/cnnbra.com.br\/al\/wp-json\/wp\/v2\/comments?post=3598"}],"version-history":[{"count":0,"href":"https:\/\/cnnbra.com.br\/al\/wp-json\/wp\/v2\/posts\/3598\/revisions"}],"wp:featuredmedia":[{"embeddable":true,"href":"https:\/\/cnnbra.com.br\/al\/wp-json\/wp\/v2\/media\/3597"}],"wp:attachment":[{"href":"https:\/\/cnnbra.com.br\/al\/wp-json\/wp\/v2\/media?parent=3598"}],"wp:term":[{"taxonomy":"category","embeddable":true,"href":"https:\/\/cnnbra.com.br\/al\/wp-json\/wp\/v2\/categories?post=3598"},{"taxonomy":"post_tag","embeddable":true,"href":"https:\/\/cnnbra.com.br\/al\/wp-json\/wp\/v2\/tags?post=3598"}],"curies":[{"name":"wp","href":"https:\/\/api.w.org\/{rel}","templated":true}]}}