{"id":3592,"date":"2026-07-10T14:50:32","date_gmt":"2026-07-10T14:50:32","guid":{"rendered":"https:\/\/cnnbra.com.br\/al\/blog\/2026\/07\/10\/polemica-sobre-refrigerante-maira-cardi-e-thiago-nigro-em-destaque\/"},"modified":"2026-07-10T14:50:32","modified_gmt":"2026-07-10T14:50:32","slug":"polemica-sobre-refrigerante-maira-cardi-e-thiago-nigro-em-destaque","status":"publish","type":"post","link":"https:\/\/cnnbra.com.br\/al\/blog\/2026\/07\/10\/polemica-sobre-refrigerante-maira-cardi-e-thiago-nigro-em-destaque\/","title":{"rendered":"Pol\u00eamica sobre refrigerante: Ma\u00edra Cardi e Thiago Nigro em destaque"},"content":{"rendered":"<p>A recente declara\u00e7\u00e3o de Ma\u00edra Cardi sobre o consumo de refrigerante gerou bastante repercuss\u00e3o nas redes sociais, especialmente aqui em Alagoas. A influenciadora, conhecida por seu estilo de vida saud\u00e1vel, surtiu rea\u00e7\u00f5es entre os alagoanos e adeptos de dietas equilibradas. Em um desdobramento curioso, Thiago Nigro foi fotografado tomando refrigerante logo ap\u00f3s a fala de Cardi.<\/p>\n<p>\\n<\/p>\n<p>Essa situa\u00e7\u00e3o levanta quest\u00f5es sobre a verdadeira rela\u00e7\u00e3o entre influenciadores e seus seguidores. Muitos consumidores em Macei\u00f3 e nas cidades do interior se veem influenciados por essas figuras p\u00fablicas e suas escolhas alimentares. Afinal, ser\u00e1 que a influ\u00eancia \u00e9 suficiente para mudar h\u00e1bitos?<\/p>\n<p>\\n<\/p>\n<p>As opini\u00f5es, evidentemente, est\u00e3o divididas entre quem defende a liberdade de escolha e quem apoia condicionantes mais saud\u00e1veis. O que voc\u00ea acha sobre o consumo de refrigerante?<\/p>\n","protected":false},"excerpt":{"rendered":"<p>A recente declara\u00e7\u00e3o de Ma\u00edra Cardi sobre o consumo de refrigerante gerou bastante repercuss\u00e3o nas redes sociais, especialmente aqui em Alagoas. A influenciadora, conhecida por seu estilo de vida saud\u00e1vel, surtiu rea\u00e7\u00f5es entre os alagoanos e adeptos de dietas equilibradas. Em um desdobramento curioso, Thiago Nigro foi fotografado tomando refrigerante logo ap\u00f3s a fala de [&hellip;]<\/p>\n","protected":false},"author":1,"featured_media":3591,"comment_status":"open","ping_status":"open","sticky":false,"template":"","format":"standard","meta":{"fifu_image_url":"","fifu_image_alt":"","footnotes":""},"categories":[11],"tags":[],"class_list":["post-3592","post","type-post","status-publish","format-standard","has-post-thumbnail","hentry","category-alagoas"],"_links":{"self":[{"href":"https:\/\/cnnbra.com.br\/al\/wp-json\/wp\/v2\/posts\/3592","targetHints":{"allow":["GET"]}}],"collection":[{"href":"https:\/\/cnnbra.com.br\/al\/wp-json\/wp\/v2\/posts"}],"about":[{"href":"https:\/\/cnnbra.com.br\/al\/wp-json\/wp\/v2\/types\/post"}],"author":[{"embeddable":true,"href":"https:\/\/cnnbra.com.br\/al\/wp-json\/wp\/v2\/users\/1"}],"replies":[{"embeddable":true,"href":"https:\/\/cnnbra.com.br\/al\/wp-json\/wp\/v2\/comments?post=3592"}],"version-history":[{"count":0,"href":"https:\/\/cnnbra.com.br\/al\/wp-json\/wp\/v2\/posts\/3592\/revisions"}],"wp:featuredmedia":[{"embeddable":true,"href":"https:\/\/cnnbra.com.br\/al\/wp-json\/wp\/v2\/media\/3591"}],"wp:attachment":[{"href":"https:\/\/cnnbra.com.br\/al\/wp-json\/wp\/v2\/media?parent=3592"}],"wp:term":[{"taxonomy":"category","embeddable":true,"href":"https:\/\/cnnbra.com.br\/al\/wp-json\/wp\/v2\/categories?post=3592"},{"taxonomy":"post_tag","embeddable":true,"href":"https:\/\/cnnbra.com.br\/al\/wp-json\/wp\/v2\/tags?post=3592"}],"curies":[{"name":"wp","href":"https:\/\/api.w.org\/{rel}","templated":true}]}}