{"id":3586,"date":"2026-07-10T14:49:32","date_gmt":"2026-07-10T14:49:32","guid":{"rendered":"https:\/\/cnnbra.com.br\/al\/blog\/2026\/07\/10\/empresarios-buscam-evitar-tarifas-que-afetam-comercio-brasil-eua\/"},"modified":"2026-07-10T14:49:32","modified_gmt":"2026-07-10T14:49:32","slug":"empresarios-buscam-evitar-tarifas-que-afetam-comercio-brasil-eua","status":"publish","type":"post","link":"https:\/\/cnnbra.com.br\/al\/blog\/2026\/07\/10\/empresarios-buscam-evitar-tarifas-que-afetam-comercio-brasil-eua\/","title":{"rendered":"Empres\u00e1rios buscam evitar tarifas que afetam com\u00e9rcio Brasil-EUA"},"content":{"rendered":"<p>A possibilidade de um novo tarifa\u00e7o dos Estados Unidos sobre produtos brasileiros, previsto para ser anunciado na pr\u00f3xima quarta-feira, tem mobilizado parte do setor privado no Brasil e nos EUA. A Se\u00e7\u00e3o 301 est\u00e1 em foco, e entidades como a C\u00e2mara Americana de Com\u00e9rcio para o Brasil (Amcham) e a Confedera\u00e7\u00e3o Nacional da Ind\u00fastria (CNI) enviaram uma carta aos governos pedindo uma solu\u00e7\u00e3o negociada.<\/p>\n<p>\\n<\/p>\n<p>O documento expressa preocupa\u00e7\u00e3o, mas tamb\u00e9m um tom pragm\u00e1tico, ressaltando que uma escalada de tarifas prejudicaria cadeias produtivas interligadas entre os dois pa\u00edses. Entre as propostas est\u00e3o isen\u00e7\u00f5es para insumos industriais e bens de capital, essenciais para ambos os pa\u00edses.<\/p>\n<p>\\n<\/p>\n<p>O economista Igor Lucena destaca que o lobby das empresas pode aumentar as chances de uma solu\u00e7\u00e3o negociada, visto que muitos setores, inclusive em Alagoas, dependem de insumos brasileiros para sua produ\u00e7\u00e3o nos EUA. A expectativa \u00e9 que, mesmo que n\u00e3o haja retirada completa das tarifas, haja amplia\u00e7\u00e3o das isen\u00e7\u00f5es, especialmente em itens que j\u00e1 impactam a infla\u00e7\u00e3o nos Estados Unidos.<\/p>\n","protected":false},"excerpt":{"rendered":"<p>A possibilidade de um novo tarifa\u00e7o dos Estados Unidos sobre produtos brasileiros, previsto para ser anunciado na pr\u00f3xima quarta-feira, tem mobilizado parte do setor privado no Brasil e nos EUA. A Se\u00e7\u00e3o 301 est\u00e1 em foco, e entidades como a C\u00e2mara Americana de Com\u00e9rcio para o Brasil (Amcham) e a Confedera\u00e7\u00e3o Nacional da Ind\u00fastria (CNI) [&hellip;]<\/p>\n","protected":false},"author":1,"featured_media":3585,"comment_status":"open","ping_status":"open","sticky":false,"template":"","format":"standard","meta":{"fifu_image_url":"","fifu_image_alt":"","footnotes":""},"categories":[11],"tags":[],"class_list":["post-3586","post","type-post","status-publish","format-standard","has-post-thumbnail","hentry","category-alagoas"],"_links":{"self":[{"href":"https:\/\/cnnbra.com.br\/al\/wp-json\/wp\/v2\/posts\/3586","targetHints":{"allow":["GET"]}}],"collection":[{"href":"https:\/\/cnnbra.com.br\/al\/wp-json\/wp\/v2\/posts"}],"about":[{"href":"https:\/\/cnnbra.com.br\/al\/wp-json\/wp\/v2\/types\/post"}],"author":[{"embeddable":true,"href":"https:\/\/cnnbra.com.br\/al\/wp-json\/wp\/v2\/users\/1"}],"replies":[{"embeddable":true,"href":"https:\/\/cnnbra.com.br\/al\/wp-json\/wp\/v2\/comments?post=3586"}],"version-history":[{"count":0,"href":"https:\/\/cnnbra.com.br\/al\/wp-json\/wp\/v2\/posts\/3586\/revisions"}],"wp:featuredmedia":[{"embeddable":true,"href":"https:\/\/cnnbra.com.br\/al\/wp-json\/wp\/v2\/media\/3585"}],"wp:attachment":[{"href":"https:\/\/cnnbra.com.br\/al\/wp-json\/wp\/v2\/media?parent=3586"}],"wp:term":[{"taxonomy":"category","embeddable":true,"href":"https:\/\/cnnbra.com.br\/al\/wp-json\/wp\/v2\/categories?post=3586"},{"taxonomy":"post_tag","embeddable":true,"href":"https:\/\/cnnbra.com.br\/al\/wp-json\/wp\/v2\/tags?post=3586"}],"curies":[{"name":"wp","href":"https:\/\/api.w.org\/{rel}","templated":true}]}}