{"id":3562,"date":"2026-07-10T13:09:17","date_gmt":"2026-07-10T13:09:17","guid":{"rendered":"https:\/\/cnnbra.com.br\/al\/blog\/2026\/07\/10\/incendio-na-espanha-causa-12-mortes-e-23-desaparecidos\/"},"modified":"2026-07-10T13:09:17","modified_gmt":"2026-07-10T13:09:17","slug":"incendio-na-espanha-causa-12-mortes-e-23-desaparecidos","status":"publish","type":"post","link":"https:\/\/cnnbra.com.br\/al\/blog\/2026\/07\/10\/incendio-na-espanha-causa-12-mortes-e-23-desaparecidos\/","title":{"rendered":"Inc\u00eandio na Espanha causa 12 mortes e 23 desaparecidos"},"content":{"rendered":"<p>Pelo menos 12 pessoas perderam a vida em um inc\u00eandio florestal no sul da Espanha, enquanto 23 continuam desaparecidas. O caso, um dos mais mortais do pa\u00eds, ocorreu na regi\u00e3o de Almeria, onde bombeiros ainda tentavam controlar as chamas nesta sexta-feira.<\/p>\n<p>\\n<\/p>\n<p>Entre as v\u00edtimas, grande parte era formada por estrangeiros, que n\u00e3o seguiram as instru\u00e7\u00f5es das autoridades e tentaram escapar de carro. O inc\u00eandio se espalhou rapidamente pela vegeta\u00e7\u00e3o densa, tornando a situa\u00e7\u00e3o cr\u00edtica.<\/p>\n<p>\\n<\/p>\n<p>Este incidente \u00e9 um lembrete preocupante das consequ\u00eancias dos inc\u00eandios florestais, especialmente em um contexto de aumento de temperaturas e secas, que t\u00eam afetado v\u00e1rias regi\u00f5es da Europa. Em Alagoas, \u00e9 importante ficarmos atentos \u00e0s previs\u00f5es meteorol\u00f3gicas e \u00e0s pr\u00e1ticas seguras para evitar acidentes.<\/p>\n","protected":false},"excerpt":{"rendered":"<p>Pelo menos 12 pessoas perderam a vida em um inc\u00eandio florestal no sul da Espanha, enquanto 23 continuam desaparecidas. O caso, um dos mais mortais do pa\u00eds, ocorreu na regi\u00e3o de Almeria, onde bombeiros ainda tentavam controlar as chamas nesta sexta-feira. \\n Entre as v\u00edtimas, grande parte era formada por estrangeiros, que n\u00e3o seguiram as [&hellip;]<\/p>\n","protected":false},"author":1,"featured_media":3561,"comment_status":"open","ping_status":"open","sticky":false,"template":"","format":"standard","meta":{"fifu_image_url":"","fifu_image_alt":"","footnotes":""},"categories":[11],"tags":[],"class_list":["post-3562","post","type-post","status-publish","format-standard","has-post-thumbnail","hentry","category-alagoas"],"_links":{"self":[{"href":"https:\/\/cnnbra.com.br\/al\/wp-json\/wp\/v2\/posts\/3562","targetHints":{"allow":["GET"]}}],"collection":[{"href":"https:\/\/cnnbra.com.br\/al\/wp-json\/wp\/v2\/posts"}],"about":[{"href":"https:\/\/cnnbra.com.br\/al\/wp-json\/wp\/v2\/types\/post"}],"author":[{"embeddable":true,"href":"https:\/\/cnnbra.com.br\/al\/wp-json\/wp\/v2\/users\/1"}],"replies":[{"embeddable":true,"href":"https:\/\/cnnbra.com.br\/al\/wp-json\/wp\/v2\/comments?post=3562"}],"version-history":[{"count":0,"href":"https:\/\/cnnbra.com.br\/al\/wp-json\/wp\/v2\/posts\/3562\/revisions"}],"wp:featuredmedia":[{"embeddable":true,"href":"https:\/\/cnnbra.com.br\/al\/wp-json\/wp\/v2\/media\/3561"}],"wp:attachment":[{"href":"https:\/\/cnnbra.com.br\/al\/wp-json\/wp\/v2\/media?parent=3562"}],"wp:term":[{"taxonomy":"category","embeddable":true,"href":"https:\/\/cnnbra.com.br\/al\/wp-json\/wp\/v2\/categories?post=3562"},{"taxonomy":"post_tag","embeddable":true,"href":"https:\/\/cnnbra.com.br\/al\/wp-json\/wp\/v2\/tags?post=3562"}],"curies":[{"name":"wp","href":"https:\/\/api.w.org\/{rel}","templated":true}]}}