{"id":3558,"date":"2026-07-10T10:10:01","date_gmt":"2026-07-10T10:10:01","guid":{"rendered":"https:\/\/cnnbra.com.br\/al\/blog\/2026\/07\/10\/rafael-cardoso-revela-luta-contra-a-adiccao-em-carta-aberta\/"},"modified":"2026-07-10T10:10:01","modified_gmt":"2026-07-10T10:10:01","slug":"rafael-cardoso-revela-luta-contra-a-adiccao-em-carta-aberta","status":"publish","type":"post","link":"https:\/\/cnnbra.com.br\/al\/blog\/2026\/07\/10\/rafael-cardoso-revela-luta-contra-a-adiccao-em-carta-aberta\/","title":{"rendered":"Rafael Cardoso revela luta contra a adic\u00e7\u00e3o em carta aberta"},"content":{"rendered":"<p>Nesta quinta-feira (9), o ator Rafael Cardoso fez um desabafo emocionante em suas redes sociais, onde compartilhou uma carta aberta sobre sua luta contra a adic\u00e7\u00e3o. Ele se encontra internado em uma cl\u00ednica de recupera\u00e7\u00e3o e, com sinceridade, abriu seu cora\u00e7\u00e3o sobre os desafios enfrentados nesse processo.<\/p>\n<p>\\n<\/p>\n<p>Aos alagoanos, a mensagem de Rafael pode ressoar profundamente. O combate \u00e0 adic\u00e7\u00e3o n\u00e3o \u00e9 apenas um tema distante; \u00e9 uma realidade que afeta muitos em nossa sociedade. A coragem de compartilhar sua jornada pode incentivar outros a procurar ajuda e transformar suas vidas.<\/p>\n<p>\\n<\/p>\n<p>A carta \u00e9 um relato \u00edntimo que destaca a import\u00e2ncia do apoio familiar e da busca por tratamento. Com um olhar voltado para a recupera\u00e7\u00e3o, Rafael Cardoso demonstra que, apesar das dificuldades, a esperan\u00e7a e a mudan\u00e7a s\u00e3o poss\u00edveis.<\/p>\n","protected":false},"excerpt":{"rendered":"<p>Nesta quinta-feira (9), o ator Rafael Cardoso fez um desabafo emocionante em suas redes sociais, onde compartilhou uma carta aberta sobre sua luta contra a adic\u00e7\u00e3o. Ele se encontra internado em uma cl\u00ednica de recupera\u00e7\u00e3o e, com sinceridade, abriu seu cora\u00e7\u00e3o sobre os desafios enfrentados nesse processo. \\n Aos alagoanos, a mensagem de Rafael pode [&hellip;]<\/p>\n","protected":false},"author":1,"featured_media":3557,"comment_status":"open","ping_status":"open","sticky":false,"template":"","format":"standard","meta":{"fifu_image_url":"","fifu_image_alt":"","footnotes":""},"categories":[11],"tags":[],"class_list":["post-3558","post","type-post","status-publish","format-standard","has-post-thumbnail","hentry","category-alagoas"],"_links":{"self":[{"href":"https:\/\/cnnbra.com.br\/al\/wp-json\/wp\/v2\/posts\/3558","targetHints":{"allow":["GET"]}}],"collection":[{"href":"https:\/\/cnnbra.com.br\/al\/wp-json\/wp\/v2\/posts"}],"about":[{"href":"https:\/\/cnnbra.com.br\/al\/wp-json\/wp\/v2\/types\/post"}],"author":[{"embeddable":true,"href":"https:\/\/cnnbra.com.br\/al\/wp-json\/wp\/v2\/users\/1"}],"replies":[{"embeddable":true,"href":"https:\/\/cnnbra.com.br\/al\/wp-json\/wp\/v2\/comments?post=3558"}],"version-history":[{"count":0,"href":"https:\/\/cnnbra.com.br\/al\/wp-json\/wp\/v2\/posts\/3558\/revisions"}],"wp:featuredmedia":[{"embeddable":true,"href":"https:\/\/cnnbra.com.br\/al\/wp-json\/wp\/v2\/media\/3557"}],"wp:attachment":[{"href":"https:\/\/cnnbra.com.br\/al\/wp-json\/wp\/v2\/media?parent=3558"}],"wp:term":[{"taxonomy":"category","embeddable":true,"href":"https:\/\/cnnbra.com.br\/al\/wp-json\/wp\/v2\/categories?post=3558"},{"taxonomy":"post_tag","embeddable":true,"href":"https:\/\/cnnbra.com.br\/al\/wp-json\/wp\/v2\/tags?post=3558"}],"curies":[{"name":"wp","href":"https:\/\/api.w.org\/{rel}","templated":true}]}}