{"id":3542,"date":"2026-07-10T07:09:55","date_gmt":"2026-07-10T07:09:55","guid":{"rendered":"https:\/\/cnnbra.com.br\/al\/blog\/2026\/07\/10\/energia-eletrica-atendimento-exclusivo-para-indigenas-em-sp\/"},"modified":"2026-07-10T07:09:55","modified_gmt":"2026-07-10T07:09:55","slug":"energia-eletrica-atendimento-exclusivo-para-indigenas-em-sp","status":"publish","type":"post","link":"https:\/\/cnnbra.com.br\/al\/blog\/2026\/07\/10\/energia-eletrica-atendimento-exclusivo-para-indigenas-em-sp\/","title":{"rendered":"Energia el\u00e9trica: atendimento exclusivo para ind\u00edgenas em SP"},"content":{"rendered":"<p>Um novo canal de atendimento ser\u00e1 implementado para comunidades ind\u00edgenas nas \u00e1reas atendidas pela distribuidora de energia el\u00e9trica em S\u00e3o Paulo. A iniciativa visa oferecer suporte personalizado, garantindo que as demandas dos povos origin\u00e1rios sejam atendidas adequadamente.<\/p>\n<p>\\n<\/p>\n<p>A primeira etapa do projeto ocorreu na \u00faltima quarta-feira (8), quando uma equipe visitou sete aldeias da Terra Ind\u00edgena Jaragu\u00e1. A proposta \u00e9 atender cerca de 18 territ\u00f3rios ind\u00edgenas, com uma executiva de contas da Enel S\u00e3o Paulo respons\u00e1vel por acompanhar as demandas relacionadas ao fornecimento de energia el\u00e9trica.<\/p>\n<p>\\n<\/p>\n<p>O atendimento poder\u00e1 ser realizado por telefone e WhatsApp, al\u00e9m de visitas peri\u00f3dicas \u00e0s aldeias para entender melhor as necessidades locais. Essa a\u00e7\u00e3o tamb\u00e9m permitir\u00e1 um monitoramento mais eficaz dos processos de eletrifica\u00e7\u00e3o nas comunidades ainda em avalia\u00e7\u00e3o.<\/p>\n","protected":false},"excerpt":{"rendered":"<p>Um novo canal de atendimento ser\u00e1 implementado para comunidades ind\u00edgenas nas \u00e1reas atendidas pela distribuidora de energia el\u00e9trica em S\u00e3o Paulo. A iniciativa visa oferecer suporte personalizado, garantindo que as demandas dos povos origin\u00e1rios sejam atendidas adequadamente. \\n A primeira etapa do projeto ocorreu na \u00faltima quarta-feira (8), quando uma equipe visitou sete aldeias da [&hellip;]<\/p>\n","protected":false},"author":1,"featured_media":3541,"comment_status":"open","ping_status":"open","sticky":false,"template":"","format":"standard","meta":{"fifu_image_url":"","fifu_image_alt":"","footnotes":""},"categories":[11],"tags":[],"class_list":["post-3542","post","type-post","status-publish","format-standard","has-post-thumbnail","hentry","category-alagoas"],"_links":{"self":[{"href":"https:\/\/cnnbra.com.br\/al\/wp-json\/wp\/v2\/posts\/3542","targetHints":{"allow":["GET"]}}],"collection":[{"href":"https:\/\/cnnbra.com.br\/al\/wp-json\/wp\/v2\/posts"}],"about":[{"href":"https:\/\/cnnbra.com.br\/al\/wp-json\/wp\/v2\/types\/post"}],"author":[{"embeddable":true,"href":"https:\/\/cnnbra.com.br\/al\/wp-json\/wp\/v2\/users\/1"}],"replies":[{"embeddable":true,"href":"https:\/\/cnnbra.com.br\/al\/wp-json\/wp\/v2\/comments?post=3542"}],"version-history":[{"count":0,"href":"https:\/\/cnnbra.com.br\/al\/wp-json\/wp\/v2\/posts\/3542\/revisions"}],"wp:featuredmedia":[{"embeddable":true,"href":"https:\/\/cnnbra.com.br\/al\/wp-json\/wp\/v2\/media\/3541"}],"wp:attachment":[{"href":"https:\/\/cnnbra.com.br\/al\/wp-json\/wp\/v2\/media?parent=3542"}],"wp:term":[{"taxonomy":"category","embeddable":true,"href":"https:\/\/cnnbra.com.br\/al\/wp-json\/wp\/v2\/categories?post=3542"},{"taxonomy":"post_tag","embeddable":true,"href":"https:\/\/cnnbra.com.br\/al\/wp-json\/wp\/v2\/tags?post=3542"}],"curies":[{"name":"wp","href":"https:\/\/api.w.org\/{rel}","templated":true}]}}