{"id":3532,"date":"2026-07-10T04:11:21","date_gmt":"2026-07-10T04:11:21","guid":{"rendered":"https:\/\/cnnbra.com.br\/al\/blog\/2026\/07\/10\/carro-colide-com-viatura-da-gcm-em-maceio-e-causa-tensao\/"},"modified":"2026-07-10T04:11:21","modified_gmt":"2026-07-10T04:11:21","slug":"carro-colide-com-viatura-da-gcm-em-maceio-e-causa-tensao","status":"publish","type":"post","link":"https:\/\/cnnbra.com.br\/al\/blog\/2026\/07\/10\/carro-colide-com-viatura-da-gcm-em-maceio-e-causa-tensao\/","title":{"rendered":"Carro colide com viatura da GCM em Macei\u00f3 e causa tens\u00e3o"},"content":{"rendered":"<p>Um v\u00eddeo recente mostrou o momento em que um carro colidiu com uma viatura da Guarda Civil Municipal (GCM) em Macei\u00f3, gerando grande como\u00e7\u00e3o nas redes sociais e preocupa\u00e7\u00e3o entre os moradores.<\/p>\n<p>\\n<\/p>\n<p>As imagens revelam a intensidade do impacto e a atua\u00e7\u00e3o r\u00e1pida dos agentes de seguran\u00e7a, que precisaram agir imediatamente para controlar a situa\u00e7\u00e3o. O incidente ocorreu em uma \u00e1rea movimentada da cidade, o que ampliou a preocupa\u00e7\u00e3o com a seguran\u00e7a no local.<\/p>\n<p>\\n<\/p>\n<p>Este evento levanta quest\u00f5es sobre as condi\u00e7\u00f5es de seguran\u00e7a em Macei\u00f3, e como os cidad\u00e3os podem se sentir mais protegidos em suas comunidades. A GCM tem seguido com investiga\u00e7\u00f5es para entender melhor os detalhes do ocorrido e suas implica\u00e7\u00f5es.<\/p>\n","protected":false},"excerpt":{"rendered":"<p>Um v\u00eddeo recente mostrou o momento em que um carro colidiu com uma viatura da Guarda Civil Municipal (GCM) em Macei\u00f3, gerando grande como\u00e7\u00e3o nas redes sociais e preocupa\u00e7\u00e3o entre os moradores. \\n As imagens revelam a intensidade do impacto e a atua\u00e7\u00e3o r\u00e1pida dos agentes de seguran\u00e7a, que precisaram agir imediatamente para controlar a [&hellip;]<\/p>\n","protected":false},"author":1,"featured_media":3531,"comment_status":"open","ping_status":"open","sticky":false,"template":"","format":"standard","meta":{"fifu_image_url":"","fifu_image_alt":"","footnotes":""},"categories":[11],"tags":[],"class_list":["post-3532","post","type-post","status-publish","format-standard","has-post-thumbnail","hentry","category-alagoas"],"_links":{"self":[{"href":"https:\/\/cnnbra.com.br\/al\/wp-json\/wp\/v2\/posts\/3532","targetHints":{"allow":["GET"]}}],"collection":[{"href":"https:\/\/cnnbra.com.br\/al\/wp-json\/wp\/v2\/posts"}],"about":[{"href":"https:\/\/cnnbra.com.br\/al\/wp-json\/wp\/v2\/types\/post"}],"author":[{"embeddable":true,"href":"https:\/\/cnnbra.com.br\/al\/wp-json\/wp\/v2\/users\/1"}],"replies":[{"embeddable":true,"href":"https:\/\/cnnbra.com.br\/al\/wp-json\/wp\/v2\/comments?post=3532"}],"version-history":[{"count":0,"href":"https:\/\/cnnbra.com.br\/al\/wp-json\/wp\/v2\/posts\/3532\/revisions"}],"wp:featuredmedia":[{"embeddable":true,"href":"https:\/\/cnnbra.com.br\/al\/wp-json\/wp\/v2\/media\/3531"}],"wp:attachment":[{"href":"https:\/\/cnnbra.com.br\/al\/wp-json\/wp\/v2\/media?parent=3532"}],"wp:term":[{"taxonomy":"category","embeddable":true,"href":"https:\/\/cnnbra.com.br\/al\/wp-json\/wp\/v2\/categories?post=3532"},{"taxonomy":"post_tag","embeddable":true,"href":"https:\/\/cnnbra.com.br\/al\/wp-json\/wp\/v2\/tags?post=3532"}],"curies":[{"name":"wp","href":"https:\/\/api.w.org\/{rel}","templated":true}]}}