{"id":3504,"date":"2026-07-09T17:49:34","date_gmt":"2026-07-09T17:49:34","guid":{"rendered":"https:\/\/cnnbra.com.br\/al\/blog\/2026\/07\/09\/partido-novo-pede-tcu-para-suspender-r-763-milhoes-em-publicidade\/"},"modified":"2026-07-09T17:49:34","modified_gmt":"2026-07-09T17:49:34","slug":"partido-novo-pede-tcu-para-suspender-r-763-milhoes-em-publicidade","status":"publish","type":"post","link":"https:\/\/cnnbra.com.br\/al\/blog\/2026\/07\/09\/partido-novo-pede-tcu-para-suspender-r-763-milhoes-em-publicidade\/","title":{"rendered":"Partido Novo pede TCU para suspender R$ 763 milh\u00f5es em publicidade"},"content":{"rendered":"<p>No \u00faltimo dia 8 de julho de 2026, o partido Novo protocolou uma a\u00e7\u00e3o popular na Justi\u00e7a Federal e uma representa\u00e7\u00e3o no TCU (Tribunal de Contas da Uni\u00e3o) visando a suspens\u00e3o de R$ 763 milh\u00f5es em despesas de publicidade institucional do governo federal. Segundo o Novo, esses recursos est\u00e3o sendo utilizados para beneficiar a imagem do presidente Luiz In\u00e1cio Lula da Silva (PT), o que configura desvio de finalidade da comunica\u00e7\u00e3o p\u00fablica.<\/p>\n<p>\\n<\/p>\n<p>Os deputados federais Marcel van Hattem, Adriana Ventura e Luiz Lima, al\u00e9m do senador Eduardo Gir\u00e3o, assinaram a a\u00e7\u00e3o que requer a suspens\u00e3o imediata dos empenhos e dos contratos da Secom (Secretaria de Comunica\u00e7\u00e3o Social da Presid\u00eancia da Rep\u00fablica). De acordo com o partido, os gastos com publicidade cresceram significativamente ap\u00f3s a posse do atual ministro da Secom, Sid\u00f4nio Palmeira, em janeiro de 2025.<\/p>\n<p>\\n<\/p>\n<p>O Novo destaca que, somente no primeiro semestre de 2026, a Secom empenhou R$ 763 milh\u00f5es, sendo que, no total, os gastos ultrapassam R$ 4,3 bilh\u00f5es desde o in\u00edcio de 2023. A legenda argumenta que a concentra\u00e7\u00e3o de recursos na Secom e o aumento nos gastos com publicidade representam uma amea\u00e7a \u00e0 imparcialidade das campanhas governamentais e que esse cen\u00e1rio, que interfere diretamente na ado\u00e7\u00e3o de pol\u00edticas p\u00fablicas, requer aten\u00e7\u00e3o especial de todos os alagoanos.<\/p>\n","protected":false},"excerpt":{"rendered":"<p>No \u00faltimo dia 8 de julho de 2026, o partido Novo protocolou uma a\u00e7\u00e3o popular na Justi\u00e7a Federal e uma representa\u00e7\u00e3o no TCU (Tribunal de Contas da Uni\u00e3o) visando a suspens\u00e3o de R$ 763 milh\u00f5es em despesas de publicidade institucional do governo federal. Segundo o Novo, esses recursos est\u00e3o sendo utilizados para beneficiar a imagem [&hellip;]<\/p>\n","protected":false},"author":1,"featured_media":3503,"comment_status":"open","ping_status":"open","sticky":false,"template":"","format":"standard","meta":{"fifu_image_url":"","fifu_image_alt":"","footnotes":""},"categories":[11],"tags":[],"class_list":["post-3504","post","type-post","status-publish","format-standard","has-post-thumbnail","hentry","category-alagoas"],"_links":{"self":[{"href":"https:\/\/cnnbra.com.br\/al\/wp-json\/wp\/v2\/posts\/3504","targetHints":{"allow":["GET"]}}],"collection":[{"href":"https:\/\/cnnbra.com.br\/al\/wp-json\/wp\/v2\/posts"}],"about":[{"href":"https:\/\/cnnbra.com.br\/al\/wp-json\/wp\/v2\/types\/post"}],"author":[{"embeddable":true,"href":"https:\/\/cnnbra.com.br\/al\/wp-json\/wp\/v2\/users\/1"}],"replies":[{"embeddable":true,"href":"https:\/\/cnnbra.com.br\/al\/wp-json\/wp\/v2\/comments?post=3504"}],"version-history":[{"count":0,"href":"https:\/\/cnnbra.com.br\/al\/wp-json\/wp\/v2\/posts\/3504\/revisions"}],"wp:featuredmedia":[{"embeddable":true,"href":"https:\/\/cnnbra.com.br\/al\/wp-json\/wp\/v2\/media\/3503"}],"wp:attachment":[{"href":"https:\/\/cnnbra.com.br\/al\/wp-json\/wp\/v2\/media?parent=3504"}],"wp:term":[{"taxonomy":"category","embeddable":true,"href":"https:\/\/cnnbra.com.br\/al\/wp-json\/wp\/v2\/categories?post=3504"},{"taxonomy":"post_tag","embeddable":true,"href":"https:\/\/cnnbra.com.br\/al\/wp-json\/wp\/v2\/tags?post=3504"}],"curies":[{"name":"wp","href":"https:\/\/api.w.org\/{rel}","templated":true}]}}