{"id":3502,"date":"2026-07-09T17:49:12","date_gmt":"2026-07-09T17:49:12","guid":{"rendered":"https:\/\/cnnbra.com.br\/al\/blog\/2026\/07\/09\/arapiraca-divulga-instituicoes-para-eleicoes-do-cmdca\/"},"modified":"2026-07-09T17:49:12","modified_gmt":"2026-07-09T17:49:12","slug":"arapiraca-divulga-instituicoes-para-eleicoes-do-cmdca","status":"publish","type":"post","link":"https:\/\/cnnbra.com.br\/al\/blog\/2026\/07\/09\/arapiraca-divulga-instituicoes-para-eleicoes-do-cmdca\/","title":{"rendered":"Arapiraca divulga institui\u00e7\u00f5es para elei\u00e7\u00f5es do CMDCA"},"content":{"rendered":"<p>A Prefeitura de Arapiraca, atrav\u00e9s da Secretaria Municipal de Desenvolvimento Social, anunciou nesta quinta-feira (9) as institui\u00e7\u00f5es habilitadas para o Conselho Municipal dos Direitos da Crian\u00e7a e do Adolescente (CMDCA). As entidades ter\u00e3o um papel fundamental na prote\u00e7\u00e3o e promo\u00e7\u00e3o dos direitos das crian\u00e7as e adolescentes da regi\u00e3o.<\/p>\n<p>\\n<\/p>\n<p>As institui\u00e7\u00f5es habilitadas devem comparecer na pr\u00f3xima ter\u00e7a-feira (14), \u00e0s 14h, no Centro Administrativo Ant\u00f4nio Rocha, localizado no bairro Santa Edwiges. Essa reuni\u00e3o ser\u00e1 a etapa final da sele\u00e7\u00e3o conforme o edital.<\/p>\n<p>\\n<\/p>\n<p>Entre as institui\u00e7\u00f5es habilitadas est\u00e3o: Instituto de Desenvolvimento Socioambiental Jo\u00e3o de Barro, APAE, AMOBB, Associa\u00e7\u00e3o Pestalozzi, Lar S\u00e3o Domingos S\u00e1vio, M\u00e3e Rainha, AFCAL e FAMMA. A participa\u00e7\u00e3o ativa dessas entidades \u00e9 essencial para fortalecer os direitos dos jovens em Arapiraca.<\/p>\n","protected":false},"excerpt":{"rendered":"<p>A Prefeitura de Arapiraca, atrav\u00e9s da Secretaria Municipal de Desenvolvimento Social, anunciou nesta quinta-feira (9) as institui\u00e7\u00f5es habilitadas para o Conselho Municipal dos Direitos da Crian\u00e7a e do Adolescente (CMDCA). As entidades ter\u00e3o um papel fundamental na prote\u00e7\u00e3o e promo\u00e7\u00e3o dos direitos das crian\u00e7as e adolescentes da regi\u00e3o. \\n As institui\u00e7\u00f5es habilitadas devem comparecer na [&hellip;]<\/p>\n","protected":false},"author":1,"featured_media":3501,"comment_status":"open","ping_status":"open","sticky":false,"template":"","format":"standard","meta":{"fifu_image_url":"","fifu_image_alt":"","footnotes":""},"categories":[11],"tags":[],"class_list":["post-3502","post","type-post","status-publish","format-standard","has-post-thumbnail","hentry","category-alagoas"],"_links":{"self":[{"href":"https:\/\/cnnbra.com.br\/al\/wp-json\/wp\/v2\/posts\/3502","targetHints":{"allow":["GET"]}}],"collection":[{"href":"https:\/\/cnnbra.com.br\/al\/wp-json\/wp\/v2\/posts"}],"about":[{"href":"https:\/\/cnnbra.com.br\/al\/wp-json\/wp\/v2\/types\/post"}],"author":[{"embeddable":true,"href":"https:\/\/cnnbra.com.br\/al\/wp-json\/wp\/v2\/users\/1"}],"replies":[{"embeddable":true,"href":"https:\/\/cnnbra.com.br\/al\/wp-json\/wp\/v2\/comments?post=3502"}],"version-history":[{"count":0,"href":"https:\/\/cnnbra.com.br\/al\/wp-json\/wp\/v2\/posts\/3502\/revisions"}],"wp:featuredmedia":[{"embeddable":true,"href":"https:\/\/cnnbra.com.br\/al\/wp-json\/wp\/v2\/media\/3501"}],"wp:attachment":[{"href":"https:\/\/cnnbra.com.br\/al\/wp-json\/wp\/v2\/media?parent=3502"}],"wp:term":[{"taxonomy":"category","embeddable":true,"href":"https:\/\/cnnbra.com.br\/al\/wp-json\/wp\/v2\/categories?post=3502"},{"taxonomy":"post_tag","embeddable":true,"href":"https:\/\/cnnbra.com.br\/al\/wp-json\/wp\/v2\/tags?post=3502"}],"curies":[{"name":"wp","href":"https:\/\/api.w.org\/{rel}","templated":true}]}}