{"id":3489,"date":"2026-07-09T14:49:34","date_gmt":"2026-07-09T14:49:34","guid":{"rendered":"https:\/\/cnnbra.com.br\/al\/blog\/2026\/07\/09\/governador-de-sp-destaca-revolucao-de-1932-veja-video\/"},"modified":"2026-07-09T14:49:34","modified_gmt":"2026-07-09T14:49:34","slug":"governador-de-sp-destaca-revolucao-de-1932-veja-video","status":"publish","type":"post","link":"https:\/\/cnnbra.com.br\/al\/blog\/2026\/07\/09\/governador-de-sp-destaca-revolucao-de-1932-veja-video\/","title":{"rendered":"Governador de SP destaca revolu\u00e7\u00e3o de 1932; veja v\u00eddeo"},"content":{"rendered":"<p>O governador de S\u00e3o Paulo, Tarc\u00edsio de Freitas, publicou um v\u00eddeo nas redes sociais relembrando a Revolu\u00e7\u00e3o Constitucionalista de 1932. O evento hist\u00f3rico \u00e9 relevante para todos os brasileiros, especialmente para aqueles que se interessam pela luta por direitos e pela Constitui\u00e7\u00e3o.<\/p>\n<p>\\n<\/p>\n<p>A revolu\u00e7\u00e3o, que ocorreu h\u00e1 mais de 90 anos, teve como objetivo a derrubada do governo de Get\u00falio Vargas e a implementa\u00e7\u00e3o de uma nova Constitui\u00e7\u00e3o. Essa parte da hist\u00f3ria reflete o anseio do povo por representa\u00e7\u00e3o e governan\u00e7a adequada.<\/p>\n<p>\\n<\/p>\n<p>Enquanto a mem\u00f3ria da Revolu\u00e7\u00e3o de 1932 \u00e9 amplamente discutida em S\u00e3o Paulo, em Alagoas tamb\u00e9m \u00e9 essencial lembrar que as lutas por justi\u00e7a e direitos s\u00e3o universais e continuam a ressoar em nosso contexto atual.<\/p>\n","protected":false},"excerpt":{"rendered":"<p>O governador de S\u00e3o Paulo, Tarc\u00edsio de Freitas, publicou um v\u00eddeo nas redes sociais relembrando a Revolu\u00e7\u00e3o Constitucionalista de 1932. O evento hist\u00f3rico \u00e9 relevante para todos os brasileiros, especialmente para aqueles que se interessam pela luta por direitos e pela Constitui\u00e7\u00e3o. \\n A revolu\u00e7\u00e3o, que ocorreu h\u00e1 mais de 90 anos, teve como objetivo [&hellip;]<\/p>\n","protected":false},"author":1,"featured_media":3488,"comment_status":"open","ping_status":"open","sticky":false,"template":"","format":"standard","meta":{"fifu_image_url":"","fifu_image_alt":"","footnotes":""},"categories":[11],"tags":[],"class_list":["post-3489","post","type-post","status-publish","format-standard","has-post-thumbnail","hentry","category-alagoas"],"_links":{"self":[{"href":"https:\/\/cnnbra.com.br\/al\/wp-json\/wp\/v2\/posts\/3489","targetHints":{"allow":["GET"]}}],"collection":[{"href":"https:\/\/cnnbra.com.br\/al\/wp-json\/wp\/v2\/posts"}],"about":[{"href":"https:\/\/cnnbra.com.br\/al\/wp-json\/wp\/v2\/types\/post"}],"author":[{"embeddable":true,"href":"https:\/\/cnnbra.com.br\/al\/wp-json\/wp\/v2\/users\/1"}],"replies":[{"embeddable":true,"href":"https:\/\/cnnbra.com.br\/al\/wp-json\/wp\/v2\/comments?post=3489"}],"version-history":[{"count":0,"href":"https:\/\/cnnbra.com.br\/al\/wp-json\/wp\/v2\/posts\/3489\/revisions"}],"wp:featuredmedia":[{"embeddable":true,"href":"https:\/\/cnnbra.com.br\/al\/wp-json\/wp\/v2\/media\/3488"}],"wp:attachment":[{"href":"https:\/\/cnnbra.com.br\/al\/wp-json\/wp\/v2\/media?parent=3489"}],"wp:term":[{"taxonomy":"category","embeddable":true,"href":"https:\/\/cnnbra.com.br\/al\/wp-json\/wp\/v2\/categories?post=3489"},{"taxonomy":"post_tag","embeddable":true,"href":"https:\/\/cnnbra.com.br\/al\/wp-json\/wp\/v2\/tags?post=3489"}],"curies":[{"name":"wp","href":"https:\/\/api.w.org\/{rel}","templated":true}]}}