{"id":3479,"date":"2026-07-09T13:09:16","date_gmt":"2026-07-09T13:09:16","guid":{"rendered":"https:\/\/cnnbra.com.br\/al\/blog\/2026\/07\/09\/entenda-a-origem-e-o-significado-do-feriado-de-9-de-julho\/"},"modified":"2026-07-09T13:09:16","modified_gmt":"2026-07-09T13:09:16","slug":"entenda-a-origem-e-o-significado-do-feriado-de-9-de-julho","status":"publish","type":"post","link":"https:\/\/cnnbra.com.br\/al\/blog\/2026\/07\/09\/entenda-a-origem-e-o-significado-do-feriado-de-9-de-julho\/","title":{"rendered":"Entenda a origem e o significado do feriado de 9 de julho"},"content":{"rendered":"<p>Embora o feriado de 9 de julho seja uma data importante em S\u00e3o Paulo, sua hist\u00f3ria remete a um levante contra Get\u00falio Vargas durante a Revolu\u00e7\u00e3o Constitucionalista de 1932. Essa revolu\u00e7\u00e3o, que buscava devolver a autonomia a S\u00e3o Paulo em meio \u00e0 crise nacional, fez com que Paulistas se unissem em um movimento que ainda ecoa na pol\u00edtica atual.<\/p>\n<p>\\n<\/p>\n<p>No contexto alagoano, \u00e9 interessante notar como a luta por autonomia e representa\u00e7\u00e3o se conecta com batalhas locais por mais inclus\u00e3o e desenvolvimento. Em Alagoas, assim como em S\u00e3o Paulo, as lutas do passado ressoam nas discuss\u00f5es contempor\u00e2neas sobre a relev\u00e2ncia das vozes regionais no cen\u00e1rio nacional.<\/p>\n<p>\\n<\/p>\n<p>\u00c0 medida que o feriado foi consolidado em 1997, ele passou a simbolizar n\u00e3o apenas uma batalha hist\u00f3rica, mas tamb\u00e9m um ideal de identifica\u00e7\u00e3o regional que provoca reflex\u00f5es sobre a pol\u00edtica, identidade e a influ\u00eancia do passado nas novas gera\u00e7\u00f5es. Em Macei\u00f3 e outras cidades alagoanas, podemos observar como a constru\u00e7\u00e3o de identidades locais \u00e9 crucial para fortalecer as demandas da popula\u00e7\u00e3o.<\/p>\n","protected":false},"excerpt":{"rendered":"<p>Embora o feriado de 9 de julho seja uma data importante em S\u00e3o Paulo, sua hist\u00f3ria remete a um levante contra Get\u00falio Vargas durante a Revolu\u00e7\u00e3o Constitucionalista de 1932. Essa revolu\u00e7\u00e3o, que buscava devolver a autonomia a S\u00e3o Paulo em meio \u00e0 crise nacional, fez com que Paulistas se unissem em um movimento que ainda [&hellip;]<\/p>\n","protected":false},"author":1,"featured_media":3478,"comment_status":"open","ping_status":"open","sticky":false,"template":"","format":"standard","meta":{"fifu_image_url":"","fifu_image_alt":"","footnotes":""},"categories":[11],"tags":[],"class_list":["post-3479","post","type-post","status-publish","format-standard","has-post-thumbnail","hentry","category-alagoas"],"_links":{"self":[{"href":"https:\/\/cnnbra.com.br\/al\/wp-json\/wp\/v2\/posts\/3479","targetHints":{"allow":["GET"]}}],"collection":[{"href":"https:\/\/cnnbra.com.br\/al\/wp-json\/wp\/v2\/posts"}],"about":[{"href":"https:\/\/cnnbra.com.br\/al\/wp-json\/wp\/v2\/types\/post"}],"author":[{"embeddable":true,"href":"https:\/\/cnnbra.com.br\/al\/wp-json\/wp\/v2\/users\/1"}],"replies":[{"embeddable":true,"href":"https:\/\/cnnbra.com.br\/al\/wp-json\/wp\/v2\/comments?post=3479"}],"version-history":[{"count":0,"href":"https:\/\/cnnbra.com.br\/al\/wp-json\/wp\/v2\/posts\/3479\/revisions"}],"wp:featuredmedia":[{"embeddable":true,"href":"https:\/\/cnnbra.com.br\/al\/wp-json\/wp\/v2\/media\/3478"}],"wp:attachment":[{"href":"https:\/\/cnnbra.com.br\/al\/wp-json\/wp\/v2\/media?parent=3479"}],"wp:term":[{"taxonomy":"category","embeddable":true,"href":"https:\/\/cnnbra.com.br\/al\/wp-json\/wp\/v2\/categories?post=3479"},{"taxonomy":"post_tag","embeddable":true,"href":"https:\/\/cnnbra.com.br\/al\/wp-json\/wp\/v2\/tags?post=3479"}],"curies":[{"name":"wp","href":"https:\/\/api.w.org\/{rel}","templated":true}]}}