{"id":3466,"date":"2026-07-09T12:09:15","date_gmt":"2026-07-09T12:09:15","guid":{"rendered":"https:\/\/cnnbra.com.br\/al\/blog\/2026\/07\/09\/dmtt-emite-quase-9-mil-cartoes-em-seis-meses-para-inclusao-em-maceio\/"},"modified":"2026-07-09T12:09:15","modified_gmt":"2026-07-09T12:09:15","slug":"dmtt-emite-quase-9-mil-cartoes-em-seis-meses-para-inclusao-em-maceio","status":"publish","type":"post","link":"https:\/\/cnnbra.com.br\/al\/blog\/2026\/07\/09\/dmtt-emite-quase-9-mil-cartoes-em-seis-meses-para-inclusao-em-maceio\/","title":{"rendered":"DMTT emite quase 9 mil cart\u00f5es em seis meses para inclus\u00e3o em Macei\u00f3"},"content":{"rendered":"<p>O Departamento Municipal de Transportes e Tr\u00e2nsito (DMTT) de Macei\u00f3 registrou a emiss\u00e3o de cerca de 9 mil cart\u00f5es e credenciais entre janeiro e junho de 2026. Este trabalho, realizado pela Ger\u00eancia T\u00e9cnica de Cadastro de Especiais (Getec), \u00e9 um passo importante em dire\u00e7\u00e3o \u00e0 inclus\u00e3o no transporte p\u00fablico da cidade, beneficiando idosos e pessoas com defici\u00eancia (PCD).<\/p>\n<p>\\n<\/p>\n<p>Durante o primeiro semestre, foram feitos 4.729 recadastramentos do Cart\u00e3o Vamu Especial, um n\u00famero recorde. Al\u00e9m disso, a Getec disponibilizou 2.836 credenciais de estacionamento para PCD e idosos, 928 primeiras vias do Cart\u00e3o Vamu Especial e 435 cart\u00f5es para a faixa et\u00e1ria de 60 anos ou mais. Esses dados demonstram a crescente demanda por servi\u00e7os que garantem acessibilidade e mobilidade urbana em Macei\u00f3.<\/p>\n<p>\\n<\/p>\n<p>Rebeca Costa, estagi\u00e1ria e int\u00e9rprete de Libras da Getec, destaca a import\u00e2ncia de um atendimento humanizado e inclusivo. Ela ressalta a satisfa\u00e7\u00e3o de atender surdos que se sentem acolhidos ao encontrar suporte em Libras. Usu\u00e1rios, como Eduarda dos Santos e Edileide de Oliveira, tamb\u00e9m elogiam a agilidade do servi\u00e7o, refor\u00e7ando o impacto positivo da atua\u00e7\u00e3o da Getec no cotidiano de alagoanos, que precisam desses recursos.<\/p>\n<p>\\n<\/p>\n<h2>Compromisso da Getec com a Inclus\u00e3o<\/h2>\n<p>\\n<\/p>\n<p>A Getec \u00e9 essencial para o DMTT, promovendo um trabalho focado na inclus\u00e3o e na acessibilidade no transporte p\u00fablico de Macei\u00f3. O setor atende de segunda a sexta, das 8h \u00e0s 14h, na Av. Durval de G\u00f3es Monteiro, n\u00ba 829, no Tabuleiro do Martins, proporcionando um atendimento essencial para a popula\u00e7\u00e3o.<\/p>\n","protected":false},"excerpt":{"rendered":"<p>O Departamento Municipal de Transportes e Tr\u00e2nsito (DMTT) de Macei\u00f3 registrou a emiss\u00e3o de cerca de 9 mil cart\u00f5es e credenciais entre janeiro e junho de 2026. Este trabalho, realizado pela Ger\u00eancia T\u00e9cnica de Cadastro de Especiais (Getec), \u00e9 um passo importante em dire\u00e7\u00e3o \u00e0 inclus\u00e3o no transporte p\u00fablico da cidade, beneficiando idosos e pessoas [&hellip;]<\/p>\n","protected":false},"author":1,"featured_media":3465,"comment_status":"open","ping_status":"open","sticky":false,"template":"","format":"standard","meta":{"fifu_image_url":"","fifu_image_alt":"","footnotes":""},"categories":[11],"tags":[],"class_list":["post-3466","post","type-post","status-publish","format-standard","has-post-thumbnail","hentry","category-alagoas"],"_links":{"self":[{"href":"https:\/\/cnnbra.com.br\/al\/wp-json\/wp\/v2\/posts\/3466","targetHints":{"allow":["GET"]}}],"collection":[{"href":"https:\/\/cnnbra.com.br\/al\/wp-json\/wp\/v2\/posts"}],"about":[{"href":"https:\/\/cnnbra.com.br\/al\/wp-json\/wp\/v2\/types\/post"}],"author":[{"embeddable":true,"href":"https:\/\/cnnbra.com.br\/al\/wp-json\/wp\/v2\/users\/1"}],"replies":[{"embeddable":true,"href":"https:\/\/cnnbra.com.br\/al\/wp-json\/wp\/v2\/comments?post=3466"}],"version-history":[{"count":0,"href":"https:\/\/cnnbra.com.br\/al\/wp-json\/wp\/v2\/posts\/3466\/revisions"}],"wp:featuredmedia":[{"embeddable":true,"href":"https:\/\/cnnbra.com.br\/al\/wp-json\/wp\/v2\/media\/3465"}],"wp:attachment":[{"href":"https:\/\/cnnbra.com.br\/al\/wp-json\/wp\/v2\/media?parent=3466"}],"wp:term":[{"taxonomy":"category","embeddable":true,"href":"https:\/\/cnnbra.com.br\/al\/wp-json\/wp\/v2\/categories?post=3466"},{"taxonomy":"post_tag","embeddable":true,"href":"https:\/\/cnnbra.com.br\/al\/wp-json\/wp\/v2\/tags?post=3466"}],"curies":[{"name":"wp","href":"https:\/\/api.w.org\/{rel}","templated":true}]}}