{"id":3458,"date":"2026-07-09T11:50:20","date_gmt":"2026-07-09T11:50:20","guid":{"rendered":"https:\/\/cnnbra.com.br\/al\/blog\/2026\/07\/09\/saude-mental-em-alagoas-nova-plataforma-online-disponivel-para-jovens\/"},"modified":"2026-07-09T11:50:20","modified_gmt":"2026-07-09T11:50:20","slug":"saude-mental-em-alagoas-nova-plataforma-online-disponivel-para-jovens","status":"publish","type":"post","link":"https:\/\/cnnbra.com.br\/al\/blog\/2026\/07\/09\/saude-mental-em-alagoas-nova-plataforma-online-disponivel-para-jovens\/","title":{"rendered":"Sa\u00fade mental em Alagoas: nova plataforma online dispon\u00edvel para jovens"},"content":{"rendered":"<p>Adolescentes e jovens alagoanos entre 13 e 24 anos agora t\u00eam acesso a uma nova alternativa de atendimento psicol\u00f3gico gratuito pela internet. O Minist\u00e9rio da Sa\u00fade lan\u00e7ou a plataforma Pode Falar, um servi\u00e7o digital criado para ampliar o acesso ao cuidado em sa\u00fade mental, oferecendo escuta qualificada, acolhimento e orienta\u00e7\u00f5es especializadas sem custo.<\/p>\n<p>\\n<\/p>\n<p>A iniciativa foi desenvolvida em parceria com o Fundo das Na\u00e7\u00f5es Unidas para a Inf\u00e2ncia (Unicef) e tem como objetivo facilitar o atendimento, especialmente para aqueles que enfrentam dificuldades para buscar ajuda presencial. O servi\u00e7o permite que o jovem escolha realizar o atendimento de forma an\u00f4nima e \u00e9 realizado por profissionais capacitados.<\/p>\n<p>\\n<\/p>\n<p>A chegada da plataforma \u00e9 um avan\u00e7o significativo para a sa\u00fade mental em Alagoas, em um momento em que os casos de ansiedade e depress\u00e3o entre os jovens t\u00eam aumentado. Essa ferramenta tamb\u00e9m se apresenta como um canal inicial de acolhimento para fam\u00edlias, proporcionando um espa\u00e7o seguro para discuss\u00f5es sobre quest\u00f5es emocionais.<\/p>\n<p>\\n<\/p>\n<h2>Como funciona a plataforma<\/h2>\n<p>\\n<\/p>\n<p>Ao acessar a plataforma, o usu\u00e1rio encontra um ambiente seguro para conversar com profissionais treinados em escuta humanizada. O servi\u00e7o, que n\u00e3o substitui tratamentos m\u00e9dicos de longa dura\u00e7\u00e3o, atua como uma porta de entrada para o cuidado psicol\u00f3gico, oferecendo orienta\u00e7\u00f5es conforme as necessidades de cada caso.<\/p>\n<p>\\n<\/p>\n<h2>Import\u00e2ncia da iniciativa para a juventude alagoana<\/h2>\n<p>\\n<\/p>\n<p>Especialistas ressaltam que iniciativas digitais podem reduzir o estigma associado \u00e0 busca por ajuda psicol\u00f3gica, al\u00e9m de facilitar o acesso para quem mora em cidades menores ou enfrenta dificuldades de deslocamento. A esperada contribui\u00e7\u00e3o da plataforma para a sa\u00fade mental dos jovens \u00e9 um passo importante nas pol\u00edticas p\u00fablicas voltadas \u00e0 preven\u00e7\u00e3o e promo\u00e7\u00e3o do bem-estar emocional em todo o pa\u00eds.<\/p>\n","protected":false},"excerpt":{"rendered":"<p>Adolescentes e jovens alagoanos entre 13 e 24 anos agora t\u00eam acesso a uma nova alternativa de atendimento psicol\u00f3gico gratuito pela internet. O Minist\u00e9rio da Sa\u00fade lan\u00e7ou a plataforma Pode Falar, um servi\u00e7o digital criado para ampliar o acesso ao cuidado em sa\u00fade mental, oferecendo escuta qualificada, acolhimento e orienta\u00e7\u00f5es especializadas sem custo. \\n A [&hellip;]<\/p>\n","protected":false},"author":1,"featured_media":3457,"comment_status":"open","ping_status":"open","sticky":false,"template":"","format":"standard","meta":{"fifu_image_url":"","fifu_image_alt":"","footnotes":""},"categories":[11],"tags":[],"class_list":["post-3458","post","type-post","status-publish","format-standard","has-post-thumbnail","hentry","category-alagoas"],"_links":{"self":[{"href":"https:\/\/cnnbra.com.br\/al\/wp-json\/wp\/v2\/posts\/3458","targetHints":{"allow":["GET"]}}],"collection":[{"href":"https:\/\/cnnbra.com.br\/al\/wp-json\/wp\/v2\/posts"}],"about":[{"href":"https:\/\/cnnbra.com.br\/al\/wp-json\/wp\/v2\/types\/post"}],"author":[{"embeddable":true,"href":"https:\/\/cnnbra.com.br\/al\/wp-json\/wp\/v2\/users\/1"}],"replies":[{"embeddable":true,"href":"https:\/\/cnnbra.com.br\/al\/wp-json\/wp\/v2\/comments?post=3458"}],"version-history":[{"count":0,"href":"https:\/\/cnnbra.com.br\/al\/wp-json\/wp\/v2\/posts\/3458\/revisions"}],"wp:featuredmedia":[{"embeddable":true,"href":"https:\/\/cnnbra.com.br\/al\/wp-json\/wp\/v2\/media\/3457"}],"wp:attachment":[{"href":"https:\/\/cnnbra.com.br\/al\/wp-json\/wp\/v2\/media?parent=3458"}],"wp:term":[{"taxonomy":"category","embeddable":true,"href":"https:\/\/cnnbra.com.br\/al\/wp-json\/wp\/v2\/categories?post=3458"},{"taxonomy":"post_tag","embeddable":true,"href":"https:\/\/cnnbra.com.br\/al\/wp-json\/wp\/v2\/tags?post=3458"}],"curies":[{"name":"wp","href":"https:\/\/api.w.org\/{rel}","templated":true}]}}