{"id":3452,"date":"2026-07-09T11:49:31","date_gmt":"2026-07-09T11:49:31","guid":{"rendered":"https:\/\/cnnbra.com.br\/al\/blog\/2026\/07\/09\/copa-do-mundo-mayra-andrade-exalta-humildade-dos-tubaroes-azuis\/"},"modified":"2026-07-09T11:49:31","modified_gmt":"2026-07-09T11:49:31","slug":"copa-do-mundo-mayra-andrade-exalta-humildade-dos-tubaroes-azuis","status":"publish","type":"post","link":"https:\/\/cnnbra.com.br\/al\/blog\/2026\/07\/09\/copa-do-mundo-mayra-andrade-exalta-humildade-dos-tubaroes-azuis\/","title":{"rendered":"Copa do Mundo: Mayra Andrade exalta humildade dos Tubar\u00f5es Azuis"},"content":{"rendered":"<p>A cantora cabo-verdiana Mayra Andrade, um dos grandes nomes da m\u00fasica lus\u00f3fona, destacou a atua\u00e7\u00e3o da sele\u00e7\u00e3o de Cabo Verde na Copa do Mundo 2026 como um momento fundamental para a identidade nacional do pa\u00eds africano. Em sua primeira participa\u00e7\u00e3o no Mundial, os Tubar\u00f5es Azuis conquistaram a simpatia do p\u00fablico ao empatar com campe\u00f5es como Espanha e Uruguai, e ao enfrentarem de igual para igual a Argentina, liderada por Lionel Messi.<\/p>\n<p>\\n<\/p>\n<p>Em entrevista \u00e0 TV Brasil, Mayra enfatizou que a sele\u00e7\u00e3o deu uma li\u00e7\u00e3o de humildade e resili\u00eancia ao mundo. Para a artista, esses sentimentos foram especialmente significativos para os cabo-verdianos, que viveram uma conex\u00e3o intensa com a bandeira durante a competi\u00e7\u00e3o. Diferente dos brasileiros, que j\u00e1 est\u00e3o acostumados com a presen\u00e7a nas Copas, a descoberta dessa emo\u00e7\u00e3o foi in\u00e9dita para seu povo.<\/p>\n<p>\\n<\/p>\n<p>A cantora tamb\u00e9m ressaltou como a participa\u00e7\u00e3o da sele\u00e7\u00e3o trouxe uma pausa para refletirmos sobre os problemas globais, mencionando a necessidade de solidariedade, especialmente em rela\u00e7\u00e3o a crises como a da Venezuela. Mayra se mostrou orgulhosa de ser cabo-verdiana e defendeu que o pequeno arquip\u00e9lago tem uma responsabilidade significativa em irradiar aspectos positivos para o mundo.<\/p>\n","protected":false},"excerpt":{"rendered":"<p>A cantora cabo-verdiana Mayra Andrade, um dos grandes nomes da m\u00fasica lus\u00f3fona, destacou a atua\u00e7\u00e3o da sele\u00e7\u00e3o de Cabo Verde na Copa do Mundo 2026 como um momento fundamental para a identidade nacional do pa\u00eds africano. Em sua primeira participa\u00e7\u00e3o no Mundial, os Tubar\u00f5es Azuis conquistaram a simpatia do p\u00fablico ao empatar com campe\u00f5es como [&hellip;]<\/p>\n","protected":false},"author":1,"featured_media":3451,"comment_status":"open","ping_status":"open","sticky":false,"template":"","format":"standard","meta":{"fifu_image_url":"","fifu_image_alt":"","footnotes":""},"categories":[11],"tags":[],"class_list":["post-3452","post","type-post","status-publish","format-standard","has-post-thumbnail","hentry","category-alagoas"],"_links":{"self":[{"href":"https:\/\/cnnbra.com.br\/al\/wp-json\/wp\/v2\/posts\/3452","targetHints":{"allow":["GET"]}}],"collection":[{"href":"https:\/\/cnnbra.com.br\/al\/wp-json\/wp\/v2\/posts"}],"about":[{"href":"https:\/\/cnnbra.com.br\/al\/wp-json\/wp\/v2\/types\/post"}],"author":[{"embeddable":true,"href":"https:\/\/cnnbra.com.br\/al\/wp-json\/wp\/v2\/users\/1"}],"replies":[{"embeddable":true,"href":"https:\/\/cnnbra.com.br\/al\/wp-json\/wp\/v2\/comments?post=3452"}],"version-history":[{"count":0,"href":"https:\/\/cnnbra.com.br\/al\/wp-json\/wp\/v2\/posts\/3452\/revisions"}],"wp:featuredmedia":[{"embeddable":true,"href":"https:\/\/cnnbra.com.br\/al\/wp-json\/wp\/v2\/media\/3451"}],"wp:attachment":[{"href":"https:\/\/cnnbra.com.br\/al\/wp-json\/wp\/v2\/media?parent=3452"}],"wp:term":[{"taxonomy":"category","embeddable":true,"href":"https:\/\/cnnbra.com.br\/al\/wp-json\/wp\/v2\/categories?post=3452"},{"taxonomy":"post_tag","embeddable":true,"href":"https:\/\/cnnbra.com.br\/al\/wp-json\/wp\/v2\/tags?post=3452"}],"curies":[{"name":"wp","href":"https:\/\/api.w.org\/{rel}","templated":true}]}}