{"id":3448,"date":"2026-07-09T10:09:49","date_gmt":"2026-07-09T10:09:49","guid":{"rendered":"https:\/\/cnnbra.com.br\/al\/blog\/2026\/07\/09\/maioria-dos-brasileiros-duvida-de-nova-conquista-na-copa-do-mundo\/"},"modified":"2026-07-09T10:09:49","modified_gmt":"2026-07-09T10:09:49","slug":"maioria-dos-brasileiros-duvida-de-nova-conquista-na-copa-do-mundo","status":"publish","type":"post","link":"https:\/\/cnnbra.com.br\/al\/blog\/2026\/07\/09\/maioria-dos-brasileiros-duvida-de-nova-conquista-na-copa-do-mundo\/","title":{"rendered":"Maioria dos brasileiros duvida de nova conquista na Copa do Mundo"},"content":{"rendered":"<p>A elimina\u00e7\u00e3o do Brasil na Copa do Mundo de 2026 trouxe \u00e0 tona um sentimento de des\u00e2nimo entre os torcedores. Um estudo recente revela que 41% da popula\u00e7\u00e3o acredita que o Brasil n\u00e3o ganhar\u00e1 mais um t\u00edtulo mundial. Esse cen\u00e1rio reflete a frustra\u00e7\u00e3o acumulada ao longo dos anos, especialmente entre os f\u00e3s alagoanos que acompanham a sele\u00e7\u00e3o com fervor.<\/p>\n<p>\\n<\/p>\n<p>A desilus\u00e3o \u00e9 palp\u00e1vel nas redes sociais, onde o debate sobre o futuro do futebol brasileiro ganha for\u00e7a. Para muitos, o tempo de celebra\u00e7\u00f5es parece distante, e a esperan\u00e7a de um novo triunfo se esvaiu.<\/p>\n<p>\\n<\/p>\n<p>Os torcedores de Macei\u00f3 e do interior de Alagoas sentir\u00e3o um impacto direto nessa nova realidade, j\u00e1 que o futebol \u00e9 parte da cultura local. Eventos em bares e pra\u00e7as, que costumam reunir multid\u00f5es durante a Copa, podem ser retomados com um tom de pessimismo.<\/p>\n","protected":false},"excerpt":{"rendered":"<p>A elimina\u00e7\u00e3o do Brasil na Copa do Mundo de 2026 trouxe \u00e0 tona um sentimento de des\u00e2nimo entre os torcedores. Um estudo recente revela que 41% da popula\u00e7\u00e3o acredita que o Brasil n\u00e3o ganhar\u00e1 mais um t\u00edtulo mundial. Esse cen\u00e1rio reflete a frustra\u00e7\u00e3o acumulada ao longo dos anos, especialmente entre os f\u00e3s alagoanos que acompanham [&hellip;]<\/p>\n","protected":false},"author":1,"featured_media":3447,"comment_status":"open","ping_status":"open","sticky":false,"template":"","format":"standard","meta":{"fifu_image_url":"","fifu_image_alt":"","footnotes":""},"categories":[11],"tags":[],"class_list":["post-3448","post","type-post","status-publish","format-standard","has-post-thumbnail","hentry","category-alagoas"],"_links":{"self":[{"href":"https:\/\/cnnbra.com.br\/al\/wp-json\/wp\/v2\/posts\/3448","targetHints":{"allow":["GET"]}}],"collection":[{"href":"https:\/\/cnnbra.com.br\/al\/wp-json\/wp\/v2\/posts"}],"about":[{"href":"https:\/\/cnnbra.com.br\/al\/wp-json\/wp\/v2\/types\/post"}],"author":[{"embeddable":true,"href":"https:\/\/cnnbra.com.br\/al\/wp-json\/wp\/v2\/users\/1"}],"replies":[{"embeddable":true,"href":"https:\/\/cnnbra.com.br\/al\/wp-json\/wp\/v2\/comments?post=3448"}],"version-history":[{"count":0,"href":"https:\/\/cnnbra.com.br\/al\/wp-json\/wp\/v2\/posts\/3448\/revisions"}],"wp:featuredmedia":[{"embeddable":true,"href":"https:\/\/cnnbra.com.br\/al\/wp-json\/wp\/v2\/media\/3447"}],"wp:attachment":[{"href":"https:\/\/cnnbra.com.br\/al\/wp-json\/wp\/v2\/media?parent=3448"}],"wp:term":[{"taxonomy":"category","embeddable":true,"href":"https:\/\/cnnbra.com.br\/al\/wp-json\/wp\/v2\/categories?post=3448"},{"taxonomy":"post_tag","embeddable":true,"href":"https:\/\/cnnbra.com.br\/al\/wp-json\/wp\/v2\/tags?post=3448"}],"curies":[{"name":"wp","href":"https:\/\/api.w.org\/{rel}","templated":true}]}}