{"id":3436,"date":"2026-07-09T05:50:11","date_gmt":"2026-07-09T05:50:11","guid":{"rendered":"https:\/\/cnnbra.com.br\/al\/blog\/2026\/07\/09\/deolane-bezerra-divide-cela-por-sindrome-do-panico-diz-mp-sp\/"},"modified":"2026-07-09T05:50:11","modified_gmt":"2026-07-09T05:50:11","slug":"deolane-bezerra-divide-cela-por-sindrome-do-panico-diz-mp-sp","status":"publish","type":"post","link":"https:\/\/cnnbra.com.br\/al\/blog\/2026\/07\/09\/deolane-bezerra-divide-cela-por-sindrome-do-panico-diz-mp-sp\/","title":{"rendered":"Deolane Bezerra divide cela por s\u00edndrome do p\u00e2nico, diz MP-SP"},"content":{"rendered":"<p>A advogada Deolane Bezerra decidiu dividir cela com outra detenta ap\u00f3s alegar que sofre de s\u00edndrome do p\u00e2nico. A decis\u00e3o foi comunicada pelo Minist\u00e9rio P\u00fablico de S\u00e3o Paulo (MP-SP), que avaliou a situa\u00e7\u00e3o da influenciadora.<\/p>\n<p> \\n<\/p>\n<p>Essa escolha de Deolane reflete a busca por condi\u00e7\u00f5es mais amenas em um ambiente j\u00e1 desafiador. A condi\u00e7\u00e3o de sa\u00fade mental, como a s\u00edndrome do p\u00e2nico, merece aten\u00e7\u00e3o especial, especialmente em situa\u00e7\u00f5es de confinamento.<\/p>\n<p> \\n<\/p>\n<p>A quest\u00e3o da sa\u00fade mental em pres\u00eddios \u00e9 uma preocupa\u00e7\u00e3o crescente em todo o Brasil, incluindo Alagoas. Entender como essas condi\u00e7\u00f5es impactam a vida dos detentos \u00e9 essencial para a constru\u00e7\u00e3o de pol\u00edticas p\u00fablicas adequadas.<\/p>\n","protected":false},"excerpt":{"rendered":"<p>A advogada Deolane Bezerra decidiu dividir cela com outra detenta ap\u00f3s alegar que sofre de s\u00edndrome do p\u00e2nico. A decis\u00e3o foi comunicada pelo Minist\u00e9rio P\u00fablico de S\u00e3o Paulo (MP-SP), que avaliou a situa\u00e7\u00e3o da influenciadora. \\n Essa escolha de Deolane reflete a busca por condi\u00e7\u00f5es mais amenas em um ambiente j\u00e1 desafiador. A condi\u00e7\u00e3o de [&hellip;]<\/p>\n","protected":false},"author":1,"featured_media":3435,"comment_status":"open","ping_status":"open","sticky":false,"template":"","format":"standard","meta":{"fifu_image_url":"","fifu_image_alt":"","footnotes":""},"categories":[11],"tags":[],"class_list":["post-3436","post","type-post","status-publish","format-standard","has-post-thumbnail","hentry","category-alagoas"],"_links":{"self":[{"href":"https:\/\/cnnbra.com.br\/al\/wp-json\/wp\/v2\/posts\/3436","targetHints":{"allow":["GET"]}}],"collection":[{"href":"https:\/\/cnnbra.com.br\/al\/wp-json\/wp\/v2\/posts"}],"about":[{"href":"https:\/\/cnnbra.com.br\/al\/wp-json\/wp\/v2\/types\/post"}],"author":[{"embeddable":true,"href":"https:\/\/cnnbra.com.br\/al\/wp-json\/wp\/v2\/users\/1"}],"replies":[{"embeddable":true,"href":"https:\/\/cnnbra.com.br\/al\/wp-json\/wp\/v2\/comments?post=3436"}],"version-history":[{"count":0,"href":"https:\/\/cnnbra.com.br\/al\/wp-json\/wp\/v2\/posts\/3436\/revisions"}],"wp:featuredmedia":[{"embeddable":true,"href":"https:\/\/cnnbra.com.br\/al\/wp-json\/wp\/v2\/media\/3435"}],"wp:attachment":[{"href":"https:\/\/cnnbra.com.br\/al\/wp-json\/wp\/v2\/media?parent=3436"}],"wp:term":[{"taxonomy":"category","embeddable":true,"href":"https:\/\/cnnbra.com.br\/al\/wp-json\/wp\/v2\/categories?post=3436"},{"taxonomy":"post_tag","embeddable":true,"href":"https:\/\/cnnbra.com.br\/al\/wp-json\/wp\/v2\/tags?post=3436"}],"curies":[{"name":"wp","href":"https:\/\/api.w.org\/{rel}","templated":true}]}}