{"id":3434,"date":"2026-07-09T05:49:55","date_gmt":"2026-07-09T05:49:55","guid":{"rendered":"https:\/\/cnnbra.com.br\/al\/blog\/2026\/07\/09\/ira-critica-otan-e-chama-primeiro-ministro-da-holanda-de-bajulador\/"},"modified":"2026-07-09T05:49:55","modified_gmt":"2026-07-09T05:49:55","slug":"ira-critica-otan-e-chama-primeiro-ministro-da-holanda-de-bajulador","status":"publish","type":"post","link":"https:\/\/cnnbra.com.br\/al\/blog\/2026\/07\/09\/ira-critica-otan-e-chama-primeiro-ministro-da-holanda-de-bajulador\/","title":{"rendered":"Ir\u00e3 critica Otan e chama primeiro-ministro da Holanda de bajulador"},"content":{"rendered":"<p>Em uma forte declara\u00e7\u00e3o, o porta-voz do Minist\u00e9rio das Rela\u00e7\u00f5es Exteriores do Ir\u00e3 manifestou descontentamento com o apoio da Otan aos Estados Unidos. O Ir\u00e3 n\u00e3o hesitou em rotular o primeiro-ministro holand\u00eas, Mark Rutte, como um \u201ccortes\u00e3o bajulador\u201d em meio \u00e0 crescente tens\u00e3o internacional.<\/p>\n<p>\\n<\/p>\n<p>A cr\u00edtica ocorre dentro de um contexto global delicado, onde as escolhas pol\u00edticas de l\u00edderes europeus t\u00eam refletido diretamente nas rela\u00e7\u00f5es com pa\u00edses do Oriente M\u00e9dio. Essa posi\u00e7\u00e3o de Rutte e seu alinhamento com os EUA podem repercutir nas discuss\u00f5es sobre seguran\u00e7a e coopera\u00e7\u00e3o internacional, afetando a percep\u00e7\u00e3o de Alagoas em uma era de polariza\u00e7\u00e3o global.<\/p>\n<p>\\n<\/p>\n<p>A comunidade internacional, incluindo a brasileira, observa atentamente como essas intera\u00e7\u00f5es moldam o futuro das alian\u00e7as e podem ter reflexos em projetos sociais e econ\u00f4micos no Brasil e, especificamente, em nossa Alagoas.<\/p>\n","protected":false},"excerpt":{"rendered":"<p>Em uma forte declara\u00e7\u00e3o, o porta-voz do Minist\u00e9rio das Rela\u00e7\u00f5es Exteriores do Ir\u00e3 manifestou descontentamento com o apoio da Otan aos Estados Unidos. O Ir\u00e3 n\u00e3o hesitou em rotular o primeiro-ministro holand\u00eas, Mark Rutte, como um \u201ccortes\u00e3o bajulador\u201d em meio \u00e0 crescente tens\u00e3o internacional. \\n A cr\u00edtica ocorre dentro de um contexto global delicado, onde [&hellip;]<\/p>\n","protected":false},"author":1,"featured_media":3433,"comment_status":"open","ping_status":"open","sticky":false,"template":"","format":"standard","meta":{"fifu_image_url":"","fifu_image_alt":"","footnotes":""},"categories":[11],"tags":[],"class_list":["post-3434","post","type-post","status-publish","format-standard","has-post-thumbnail","hentry","category-alagoas"],"_links":{"self":[{"href":"https:\/\/cnnbra.com.br\/al\/wp-json\/wp\/v2\/posts\/3434","targetHints":{"allow":["GET"]}}],"collection":[{"href":"https:\/\/cnnbra.com.br\/al\/wp-json\/wp\/v2\/posts"}],"about":[{"href":"https:\/\/cnnbra.com.br\/al\/wp-json\/wp\/v2\/types\/post"}],"author":[{"embeddable":true,"href":"https:\/\/cnnbra.com.br\/al\/wp-json\/wp\/v2\/users\/1"}],"replies":[{"embeddable":true,"href":"https:\/\/cnnbra.com.br\/al\/wp-json\/wp\/v2\/comments?post=3434"}],"version-history":[{"count":0,"href":"https:\/\/cnnbra.com.br\/al\/wp-json\/wp\/v2\/posts\/3434\/revisions"}],"wp:featuredmedia":[{"embeddable":true,"href":"https:\/\/cnnbra.com.br\/al\/wp-json\/wp\/v2\/media\/3433"}],"wp:attachment":[{"href":"https:\/\/cnnbra.com.br\/al\/wp-json\/wp\/v2\/media?parent=3434"}],"wp:term":[{"taxonomy":"category","embeddable":true,"href":"https:\/\/cnnbra.com.br\/al\/wp-json\/wp\/v2\/categories?post=3434"},{"taxonomy":"post_tag","embeddable":true,"href":"https:\/\/cnnbra.com.br\/al\/wp-json\/wp\/v2\/tags?post=3434"}],"curies":[{"name":"wp","href":"https:\/\/api.w.org\/{rel}","templated":true}]}}