{"id":3426,"date":"2026-07-09T04:10:23","date_gmt":"2026-07-09T04:10:23","guid":{"rendered":"https:\/\/cnnbra.com.br\/al\/blog\/2026\/07\/09\/fortaleza-vende-mando-e-palmeiras-evita-gramado-criticado\/"},"modified":"2026-07-09T04:10:23","modified_gmt":"2026-07-09T04:10:23","slug":"fortaleza-vende-mando-e-palmeiras-evita-gramado-criticado","status":"publish","type":"post","link":"https:\/\/cnnbra.com.br\/al\/blog\/2026\/07\/09\/fortaleza-vende-mando-e-palmeiras-evita-gramado-criticado\/","title":{"rendered":"Fortaleza vende mando e Palmeiras evita gramado criticado"},"content":{"rendered":"<p>O Fortaleza decidiu vender o mando de campo para o jogo de volta das oitavas de final da Copa do Brasil contra o Palmeiras. Esta medida acontece em meio a cr\u00edticas ao estado do gramado do est\u00e1dio do clube cearense, que j\u00e1 havia sido alvo de reclama\u00e7\u00f5es por parte do t\u00e9cnico Abel Ferreira.<\/p>\n<p>\\n<\/p>\n<p>A mudan\u00e7a pode impactar a performance do Palmeiras, que agora jogar\u00e1 em um campo que n\u00e3o gerar\u00e1 desvantagens em rela\u00e7\u00e3o ao time advers\u00e1rio. Essa not\u00edcia tamb\u00e9m interessa aos alagoanos f\u00e3s de futebol, que acompanham de perto a Copa do Brasil e as poss\u00edveis consequ\u00eancias para os clubes envolvidos.<\/p>\n<p>\\n<\/p>\n<p>Com a decis\u00e3o, o confronto promete ser acirrado e coloca o Palmeiras em uma posi\u00e7\u00e3o favor\u00e1vel no torneio. O movimento do Fortaleza tamb\u00e9m levanta discuss\u00f5es sobre a manuten\u00e7\u00e3o dos est\u00e1dios e a qualidade dos campos nas competi\u00e7\u00f5es nacionais.<\/p>\n","protected":false},"excerpt":{"rendered":"<p>O Fortaleza decidiu vender o mando de campo para o jogo de volta das oitavas de final da Copa do Brasil contra o Palmeiras. Esta medida acontece em meio a cr\u00edticas ao estado do gramado do est\u00e1dio do clube cearense, que j\u00e1 havia sido alvo de reclama\u00e7\u00f5es por parte do t\u00e9cnico Abel Ferreira. \\n A [&hellip;]<\/p>\n","protected":false},"author":1,"featured_media":3425,"comment_status":"open","ping_status":"open","sticky":false,"template":"","format":"standard","meta":{"fifu_image_url":"","fifu_image_alt":"","footnotes":""},"categories":[11],"tags":[],"class_list":["post-3426","post","type-post","status-publish","format-standard","has-post-thumbnail","hentry","category-alagoas"],"_links":{"self":[{"href":"https:\/\/cnnbra.com.br\/al\/wp-json\/wp\/v2\/posts\/3426","targetHints":{"allow":["GET"]}}],"collection":[{"href":"https:\/\/cnnbra.com.br\/al\/wp-json\/wp\/v2\/posts"}],"about":[{"href":"https:\/\/cnnbra.com.br\/al\/wp-json\/wp\/v2\/types\/post"}],"author":[{"embeddable":true,"href":"https:\/\/cnnbra.com.br\/al\/wp-json\/wp\/v2\/users\/1"}],"replies":[{"embeddable":true,"href":"https:\/\/cnnbra.com.br\/al\/wp-json\/wp\/v2\/comments?post=3426"}],"version-history":[{"count":0,"href":"https:\/\/cnnbra.com.br\/al\/wp-json\/wp\/v2\/posts\/3426\/revisions"}],"wp:featuredmedia":[{"embeddable":true,"href":"https:\/\/cnnbra.com.br\/al\/wp-json\/wp\/v2\/media\/3425"}],"wp:attachment":[{"href":"https:\/\/cnnbra.com.br\/al\/wp-json\/wp\/v2\/media?parent=3426"}],"wp:term":[{"taxonomy":"category","embeddable":true,"href":"https:\/\/cnnbra.com.br\/al\/wp-json\/wp\/v2\/categories?post=3426"},{"taxonomy":"post_tag","embeddable":true,"href":"https:\/\/cnnbra.com.br\/al\/wp-json\/wp\/v2\/tags?post=3426"}],"curies":[{"name":"wp","href":"https:\/\/api.w.org\/{rel}","templated":true}]}}