{"id":3394,"date":"2026-07-08T20:49:57","date_gmt":"2026-07-08T20:49:57","guid":{"rendered":"https:\/\/cnnbra.com.br\/al\/blog\/2026\/07\/08\/vandre-silveira-e-debora-evelyn-em-nova-fase-de-quem-ama-cuida\/"},"modified":"2026-07-08T20:49:57","modified_gmt":"2026-07-08T20:49:57","slug":"vandre-silveira-e-debora-evelyn-em-nova-fase-de-quem-ama-cuida","status":"publish","type":"post","link":"https:\/\/cnnbra.com.br\/al\/blog\/2026\/07\/08\/vandre-silveira-e-debora-evelyn-em-nova-fase-de-quem-ama-cuida\/","title":{"rendered":"Vandr\u00e9 Silveira e D\u00e9bora Evelyn em nova fase de Quem Ama Cuida"},"content":{"rendered":"<p>O ator Vandr\u00e9 Silveira faz parte do elenco da nova fase da novela <i>Quem Ama Cuida<\/i>, exibida pela TV Globo. Escrita por Walcyr Carrasco e Claudia Souto, a trama promete prender a aten\u00e7\u00e3o dos telespectadores alagoanos com suas reviravoltas.<\/p>\n<p>\\n<\/p>\n<p>No papel de Edson, Vandr\u00e9 vive um romance intenso com Carmita, interpretada por D\u00e9bora Evelyn. Ele descreve a rela\u00e7\u00e3o como um jogo velado de interesses, onde o desejo entre os dois \u00e9 palp\u00e1vel e cheio de nuances. &#8220;\u00c9 uma qu\u00edmica que incendeia&#8221;, revela o ator, destacando a complexidade da sua personagem.<\/p>\n<p>\\n<\/p>\n<p>Os f\u00e3s de Macei\u00f3 e do interior tamb\u00e9m devem ficar atentos, j\u00e1 que a novela \u00e9 uma das estrelas do hor\u00e1rio nobre e promete trazer bastante emo\u00e7\u00e3o at\u00e9 o final.<\/p>\n","protected":false},"excerpt":{"rendered":"<p>O ator Vandr\u00e9 Silveira faz parte do elenco da nova fase da novela Quem Ama Cuida, exibida pela TV Globo. Escrita por Walcyr Carrasco e Claudia Souto, a trama promete prender a aten\u00e7\u00e3o dos telespectadores alagoanos com suas reviravoltas. \\n No papel de Edson, Vandr\u00e9 vive um romance intenso com Carmita, interpretada por D\u00e9bora Evelyn. [&hellip;]<\/p>\n","protected":false},"author":1,"featured_media":3393,"comment_status":"open","ping_status":"open","sticky":false,"template":"","format":"standard","meta":{"fifu_image_url":"","fifu_image_alt":"","footnotes":""},"categories":[11],"tags":[],"class_list":["post-3394","post","type-post","status-publish","format-standard","has-post-thumbnail","hentry","category-alagoas"],"_links":{"self":[{"href":"https:\/\/cnnbra.com.br\/al\/wp-json\/wp\/v2\/posts\/3394","targetHints":{"allow":["GET"]}}],"collection":[{"href":"https:\/\/cnnbra.com.br\/al\/wp-json\/wp\/v2\/posts"}],"about":[{"href":"https:\/\/cnnbra.com.br\/al\/wp-json\/wp\/v2\/types\/post"}],"author":[{"embeddable":true,"href":"https:\/\/cnnbra.com.br\/al\/wp-json\/wp\/v2\/users\/1"}],"replies":[{"embeddable":true,"href":"https:\/\/cnnbra.com.br\/al\/wp-json\/wp\/v2\/comments?post=3394"}],"version-history":[{"count":0,"href":"https:\/\/cnnbra.com.br\/al\/wp-json\/wp\/v2\/posts\/3394\/revisions"}],"wp:featuredmedia":[{"embeddable":true,"href":"https:\/\/cnnbra.com.br\/al\/wp-json\/wp\/v2\/media\/3393"}],"wp:attachment":[{"href":"https:\/\/cnnbra.com.br\/al\/wp-json\/wp\/v2\/media?parent=3394"}],"wp:term":[{"taxonomy":"category","embeddable":true,"href":"https:\/\/cnnbra.com.br\/al\/wp-json\/wp\/v2\/categories?post=3394"},{"taxonomy":"post_tag","embeddable":true,"href":"https:\/\/cnnbra.com.br\/al\/wp-json\/wp\/v2\/tags?post=3394"}],"curies":[{"name":"wp","href":"https:\/\/api.w.org\/{rel}","templated":true}]}}