{"id":3155,"date":"2026-07-07T10:09:50","date_gmt":"2026-07-07T10:09:50","guid":{"rendered":"https:\/\/cnnbra.com.br\/al\/blog\/2026\/07\/07\/parreira-segue-na-uti-com-infeccao-pulmonar-grave\/"},"modified":"2026-07-07T10:09:50","modified_gmt":"2026-07-07T10:09:50","slug":"parreira-segue-na-uti-com-infeccao-pulmonar-grave","status":"publish","type":"post","link":"https:\/\/cnnbra.com.br\/al\/blog\/2026\/07\/07\/parreira-segue-na-uti-com-infeccao-pulmonar-grave\/","title":{"rendered":"Parreira segue na UTI com infec\u00e7\u00e3o pulmonar grave"},"content":{"rendered":"<p>O ex-t\u00e9cnico da sele\u00e7\u00e3o brasileira, Carlos Alberto Parreira, de 83 anos, continua internado na Unidade de Terapia Intensiva (UTI) do Hospital Samaritano Barra, enfrentando um quadro s\u00e9rio de infec\u00e7\u00e3o pulmonar. Campe\u00e3o da Copa do Mundo de 1994, Parreira foi submetido na semana passada a um procedimento para conter um sangramento nasal.<\/p>\n<p>\\n<\/p>\n<p>Atualmente, o professor de educa\u00e7\u00e3o f\u00edsica precisa de suporte respirat\u00f3rio e est\u00e1 sedado devido a complica\u00e7\u00f5es que afetaram sua fun\u00e7\u00e3o renal. Desde o dia 16 de junho, ele tem recebido cuidados de uma equipe multidisciplinar liderada pelo pneumologista intensivista Arthur Vianna.<\/p>\n<p>\\n<\/p>\n<p>Al\u00e9m da infec\u00e7\u00e3o, Parreira foi diagnosticado em 2023 com linfoma de Hodgkin, um tipo de c\u00e2ncer que compromete o sistema linf\u00e1tico, aumentando a preocupa\u00e7\u00e3o com sua sa\u00fade.<\/p>\n","protected":false},"excerpt":{"rendered":"<p>O ex-t\u00e9cnico da sele\u00e7\u00e3o brasileira, Carlos Alberto Parreira, de 83 anos, continua internado na Unidade de Terapia Intensiva (UTI) do Hospital Samaritano Barra, enfrentando um quadro s\u00e9rio de infec\u00e7\u00e3o pulmonar. Campe\u00e3o da Copa do Mundo de 1994, Parreira foi submetido na semana passada a um procedimento para conter um sangramento nasal. \\n Atualmente, o professor [&hellip;]<\/p>\n","protected":false},"author":1,"featured_media":3154,"comment_status":"open","ping_status":"open","sticky":false,"template":"","format":"standard","meta":{"fifu_image_url":"","fifu_image_alt":"","footnotes":""},"categories":[11],"tags":[],"class_list":["post-3155","post","type-post","status-publish","format-standard","has-post-thumbnail","hentry","category-alagoas"],"_links":{"self":[{"href":"https:\/\/cnnbra.com.br\/al\/wp-json\/wp\/v2\/posts\/3155","targetHints":{"allow":["GET"]}}],"collection":[{"href":"https:\/\/cnnbra.com.br\/al\/wp-json\/wp\/v2\/posts"}],"about":[{"href":"https:\/\/cnnbra.com.br\/al\/wp-json\/wp\/v2\/types\/post"}],"author":[{"embeddable":true,"href":"https:\/\/cnnbra.com.br\/al\/wp-json\/wp\/v2\/users\/1"}],"replies":[{"embeddable":true,"href":"https:\/\/cnnbra.com.br\/al\/wp-json\/wp\/v2\/comments?post=3155"}],"version-history":[{"count":0,"href":"https:\/\/cnnbra.com.br\/al\/wp-json\/wp\/v2\/posts\/3155\/revisions"}],"wp:featuredmedia":[{"embeddable":true,"href":"https:\/\/cnnbra.com.br\/al\/wp-json\/wp\/v2\/media\/3154"}],"wp:attachment":[{"href":"https:\/\/cnnbra.com.br\/al\/wp-json\/wp\/v2\/media?parent=3155"}],"wp:term":[{"taxonomy":"category","embeddable":true,"href":"https:\/\/cnnbra.com.br\/al\/wp-json\/wp\/v2\/categories?post=3155"},{"taxonomy":"post_tag","embeddable":true,"href":"https:\/\/cnnbra.com.br\/al\/wp-json\/wp\/v2\/tags?post=3155"}],"curies":[{"name":"wp","href":"https:\/\/api.w.org\/{rel}","templated":true}]}}