{"id":3153,"date":"2026-07-07T10:09:31","date_gmt":"2026-07-07T10:09:31","guid":{"rendered":"https:\/\/cnnbra.com.br\/al\/blog\/2026\/07\/07\/camara-entra-em-ritmo-lento-ate-eleicoes-impacto-nas-pautas\/"},"modified":"2026-07-07T10:09:31","modified_gmt":"2026-07-07T10:09:31","slug":"camara-entra-em-ritmo-lento-ate-eleicoes-impacto-nas-pautas","status":"publish","type":"post","link":"https:\/\/cnnbra.com.br\/al\/blog\/2026\/07\/07\/camara-entra-em-ritmo-lento-ate-eleicoes-impacto-nas-pautas\/","title":{"rendered":"C\u00e2mara entra em ritmo lento at\u00e9 elei\u00e7\u00f5es; impacto nas pautas"},"content":{"rendered":"<p>Com o recesso parlamentar se aproximando, a C\u00e2mara dos Deputados j\u00e1 apresenta uma produtividade reduzida, intensificada pelas festas juninas e pela Copa do Mundo. O ritmo dos trabalhos deve cair ainda mais nos pr\u00f3ximos meses, especialmente at\u00e9 o primeiro turno das elei\u00e7\u00f5es, marcado para outubro.<\/p>\n<p>\\n<\/p>\n<p>Entre janeiro e junho, os deputados gastaram mais de 448 milh\u00f5es de reais apenas com a verba de gabinete, e essa despesa continuar\u00e1 enquanto as atividades presenciais diminuem. As sess\u00f5es em agosto ser\u00e3o limitadas, com apenas nove dias de trabalho programados para esse per\u00edodo.<\/p>\n<p>\\n<\/p>\n<p>A an\u00e1lise de mat\u00e9rias priorit\u00e1rias, como a lei de diretrizes or\u00e7ament\u00e1rias, est\u00e1 suspensa, e a expectativa \u00e9 de que a C\u00e2mara n\u00e3o consiga avan\u00e7ar em temas cruciais antes do pleito.<\/p>\n","protected":false},"excerpt":{"rendered":"<p>Com o recesso parlamentar se aproximando, a C\u00e2mara dos Deputados j\u00e1 apresenta uma produtividade reduzida, intensificada pelas festas juninas e pela Copa do Mundo. O ritmo dos trabalhos deve cair ainda mais nos pr\u00f3ximos meses, especialmente at\u00e9 o primeiro turno das elei\u00e7\u00f5es, marcado para outubro. \\n Entre janeiro e junho, os deputados gastaram mais de [&hellip;]<\/p>\n","protected":false},"author":1,"featured_media":3152,"comment_status":"open","ping_status":"open","sticky":false,"template":"","format":"standard","meta":{"fifu_image_url":"","fifu_image_alt":"","footnotes":""},"categories":[11],"tags":[],"class_list":["post-3153","post","type-post","status-publish","format-standard","has-post-thumbnail","hentry","category-alagoas"],"_links":{"self":[{"href":"https:\/\/cnnbra.com.br\/al\/wp-json\/wp\/v2\/posts\/3153","targetHints":{"allow":["GET"]}}],"collection":[{"href":"https:\/\/cnnbra.com.br\/al\/wp-json\/wp\/v2\/posts"}],"about":[{"href":"https:\/\/cnnbra.com.br\/al\/wp-json\/wp\/v2\/types\/post"}],"author":[{"embeddable":true,"href":"https:\/\/cnnbra.com.br\/al\/wp-json\/wp\/v2\/users\/1"}],"replies":[{"embeddable":true,"href":"https:\/\/cnnbra.com.br\/al\/wp-json\/wp\/v2\/comments?post=3153"}],"version-history":[{"count":0,"href":"https:\/\/cnnbra.com.br\/al\/wp-json\/wp\/v2\/posts\/3153\/revisions"}],"wp:featuredmedia":[{"embeddable":true,"href":"https:\/\/cnnbra.com.br\/al\/wp-json\/wp\/v2\/media\/3152"}],"wp:attachment":[{"href":"https:\/\/cnnbra.com.br\/al\/wp-json\/wp\/v2\/media?parent=3153"}],"wp:term":[{"taxonomy":"category","embeddable":true,"href":"https:\/\/cnnbra.com.br\/al\/wp-json\/wp\/v2\/categories?post=3153"},{"taxonomy":"post_tag","embeddable":true,"href":"https:\/\/cnnbra.com.br\/al\/wp-json\/wp\/v2\/tags?post=3153"}],"curies":[{"name":"wp","href":"https:\/\/api.w.org\/{rel}","templated":true}]}}