{"id":3093,"date":"2026-07-06T20:30:59","date_gmt":"2026-07-06T20:30:59","guid":{"rendered":"https:\/\/cnnbra.com.br\/al\/blog\/2026\/07\/06\/vitor-roque-se-aproxima-do-retorno-ao-palmeiras\/"},"modified":"2026-07-06T20:30:59","modified_gmt":"2026-07-06T20:30:59","slug":"vitor-roque-se-aproxima-do-retorno-ao-palmeiras","status":"publish","type":"post","link":"https:\/\/cnnbra.com.br\/al\/blog\/2026\/07\/06\/vitor-roque-se-aproxima-do-retorno-ao-palmeiras\/","title":{"rendered":"Vitor Roque se aproxima do retorno ao Palmeiras"},"content":{"rendered":"<p>O Palmeiras treinou na manh\u00e3 desta segunda-feira (06) e trouxe boas not\u00edcias para sua torcida. O jovem atacante Vitor Roque est\u00e1 cada vez mais pr\u00f3ximo de seu retorno aos gramados, despertando esperan\u00e7a entre os f\u00e3s alviverdes, especialmente aqueles que acompanham de perto os jogos do time.<\/p>\n<p>\\n<\/p>\n<p>A recupera\u00e7\u00e3o do atleta tem gerado expectativas em torno de como ele pode contribuir para o desempenho do clube nas competi\u00e7\u00f5es em andamento. O Palmeiras, que j\u00e1 est\u00e1 em busca de conquistar t\u00edtulos este ano, contar\u00e1 com o talento de Roque no setor ofensivo.<\/p>\n<p>\\n<\/p>\n<p>Al\u00e9m disso, o time tamb\u00e9m recebeu os jogadores uruguaios de volta ap\u00f3s um per\u00edodo de recesso, o que deve acrescentar ainda mais qualidade ao elenco e aumentar as possibilidades para o pr\u00f3ximo desafio.<\/p>\n","protected":false},"excerpt":{"rendered":"<p>O Palmeiras treinou na manh\u00e3 desta segunda-feira (06) e trouxe boas not\u00edcias para sua torcida. O jovem atacante Vitor Roque est\u00e1 cada vez mais pr\u00f3ximo de seu retorno aos gramados, despertando esperan\u00e7a entre os f\u00e3s alviverdes, especialmente aqueles que acompanham de perto os jogos do time. \\n A recupera\u00e7\u00e3o do atleta tem gerado expectativas em [&hellip;]<\/p>\n","protected":false},"author":1,"featured_media":3092,"comment_status":"open","ping_status":"open","sticky":false,"template":"","format":"standard","meta":{"fifu_image_url":"","fifu_image_alt":"","footnotes":""},"categories":[11],"tags":[],"class_list":["post-3093","post","type-post","status-publish","format-standard","has-post-thumbnail","hentry","category-alagoas"],"_links":{"self":[{"href":"https:\/\/cnnbra.com.br\/al\/wp-json\/wp\/v2\/posts\/3093","targetHints":{"allow":["GET"]}}],"collection":[{"href":"https:\/\/cnnbra.com.br\/al\/wp-json\/wp\/v2\/posts"}],"about":[{"href":"https:\/\/cnnbra.com.br\/al\/wp-json\/wp\/v2\/types\/post"}],"author":[{"embeddable":true,"href":"https:\/\/cnnbra.com.br\/al\/wp-json\/wp\/v2\/users\/1"}],"replies":[{"embeddable":true,"href":"https:\/\/cnnbra.com.br\/al\/wp-json\/wp\/v2\/comments?post=3093"}],"version-history":[{"count":0,"href":"https:\/\/cnnbra.com.br\/al\/wp-json\/wp\/v2\/posts\/3093\/revisions"}],"wp:featuredmedia":[{"embeddable":true,"href":"https:\/\/cnnbra.com.br\/al\/wp-json\/wp\/v2\/media\/3092"}],"wp:attachment":[{"href":"https:\/\/cnnbra.com.br\/al\/wp-json\/wp\/v2\/media?parent=3093"}],"wp:term":[{"taxonomy":"category","embeddable":true,"href":"https:\/\/cnnbra.com.br\/al\/wp-json\/wp\/v2\/categories?post=3093"},{"taxonomy":"post_tag","embeddable":true,"href":"https:\/\/cnnbra.com.br\/al\/wp-json\/wp\/v2\/tags?post=3093"}],"curies":[{"name":"wp","href":"https:\/\/api.w.org\/{rel}","templated":true}]}}